{"id":23877,"date":"2025-04-02T11:04:16","date_gmt":"2025-04-02T14:04:16","guid":{"rendered":"https:\/\/jm-metropole.com.br\/site\/?p=23877"},"modified":"2025-04-02T11:04:16","modified_gmt":"2025-04-02T14:04:16","slug":"guararema-recebe-a-15a-edicao-da-volta-dos-farrapos","status":"publish","type":"post","link":"https:\/\/jm-metropole.com.br\/site\/guararema-recebe-a-15a-edicao-da-volta-dos-farrapos\/","title":{"rendered":"Guararema recebe a 15\u00aa edi\u00e7\u00e3o da Volta dos Farrapos"},"content":{"rendered":"<p>Prova de ciclismo acontece neste domingo (6), com percurso de 84 km e largada na Vila de Lu\u00eds Carlos<\/p>\n<p>Consolidada como uma das principais provas de ciclismo da regi\u00e3o, a Volta dos Farrapos chega \u00e0 15\u00aa edi\u00e7\u00e3o em 2025 com etapa em Guararema neste domingo (6), na Vila de Lu\u00eds Carlos. Com apoio da Prefeitura por meio da Secretaria Municipal de Esportes, Lazer e Qualidade de Vida, o evento \u00e9 atra\u00e7\u00e3o a partir das 7 horas, com entrada gratuita.<\/p>\n<p>Com um percurso total de 84 km, a prova tem in\u00edcio na Esta\u00e7\u00e3o Ferrovi\u00e1ria Lu\u00eds Carlos e segue pela SP-066 at\u00e9 a Rodovia Dom Pedro I, na altura de Jacare\u00ed. Em seguida, os ciclistas retornam pela Rodovia Nicolas Capucci e passam sob a Rodovia Presidente Dutra, seguindo por estradas municipais at\u00e9 Mogi das Cruzes, onde fazem o retorno na primeira rotat\u00f3ria do bairro Botujuru. De l\u00e1, os competidores voltam para Guararema, finalizando o trajeto no ponto de chegada, em Lu\u00eds Carlos.<\/p>\n<p>O evento conta com pontos de hidrata\u00e7\u00e3o para os participantes e entrada gratuita para o p\u00fablico, que pode torcer pelos aproximadamente 100 atletas que participam da prova. Mais informa\u00e7\u00f5es est\u00e3o dispon\u00edveis em voltadosfarrapos.com.br.<\/p>\n","protected":false},"excerpt":{"rendered":"<p>Prova de ciclismo acontece neste domingo (6), com percurso de 84 km e largada na Vila de Lu\u00eds Carlos Consolidada como uma das principais provas de ciclismo da regi\u00e3o, a Volta dos Farrapos chega \u00e0 15\u00aa edi\u00e7\u00e3o em 2025 com etapa em Guararema neste domingo (6), na Vila de Lu\u00eds Carlos. Com apoio da Prefeitura [&hellip;]<\/p>\n","protected":false},"author":1,"featured_media":23878,"comment_status":"open","ping_status":"open","sticky":false,"template":"","format":"standard","meta":{"footnotes":""},"categories":[8],"tags":[],"class_list":{"0":"post-23877","1":"post","2":"type-post","3":"status-publish","4":"format-standard","5":"has-post-thumbnail","7":"category-guararema"},"_links":{"self":[{"href":"https:\/\/jm-metropole.com.br\/site\/wp-json\/wp\/v2\/posts\/23877","targetHints":{"allow":["GET"]}}],"collection":[{"href":"https:\/\/jm-metropole.com.br\/site\/wp-json\/wp\/v2\/posts"}],"about":[{"href":"https:\/\/jm-metropole.com.br\/site\/wp-json\/wp\/v2\/types\/post"}],"author":[{"embeddable":true,"href":"https:\/\/jm-metropole.com.br\/site\/wp-json\/wp\/v2\/users\/1"}],"replies":[{"embeddable":true,"href":"https:\/\/jm-metropole.com.br\/site\/wp-json\/wp\/v2\/comments?post=23877"}],"version-history":[{"count":1,"href":"https:\/\/jm-metropole.com.br\/site\/wp-json\/wp\/v2\/posts\/23877\/revisions"}],"predecessor-version":[{"id":23879,"href":"https:\/\/jm-metropole.com.br\/site\/wp-json\/wp\/v2\/posts\/23877\/revisions\/23879"}],"wp:featuredmedia":[{"embeddable":true,"href":"https:\/\/jm-metropole.com.br\/site\/wp-json\/wp\/v2\/media\/23878"}],"wp:attachment":[{"href":"https:\/\/jm-metropole.com.br\/site\/wp-json\/wp\/v2\/media?parent=23877"}],"wp:term":[{"taxonomy":"category","embeddable":true,"href":"https:\/\/jm-metropole.com.br\/site\/wp-json\/wp\/v2\/categories?post=23877"},{"taxonomy":"post_tag","embeddable":true,"href":"https:\/\/jm-metropole.com.br\/site\/wp-json\/wp\/v2\/tags?post=23877"}],"curies":[{"name":"wp","href":"https:\/\/api.w.org\/{rel}","templated":true}]}}