{"id":23874,"date":"2025-04-01T16:18:54","date_gmt":"2025-04-01T19:18:54","guid":{"rendered":"https:\/\/jm-metropole.com.br\/site\/?p=23874"},"modified":"2025-04-01T16:18:54","modified_gmt":"2025-04-01T19:18:54","slug":"prefeitura-inicia-consultas-oftalmologicas-gratuitas-do-programa-menina-dos-olhos","status":"publish","type":"post","link":"https:\/\/jm-metropole.com.br\/site\/prefeitura-inicia-consultas-oftalmologicas-gratuitas-do-programa-menina-dos-olhos\/","title":{"rendered":"Prefeitura inicia consultas oftalmol\u00f3gicas gratuitas do Programa Menina dos Olhos"},"content":{"rendered":"<p>A Prefeitura de Guarulhos deu in\u00edcio nesta segunda-feira (31) \u00e0s consultas oftalmol\u00f3gicas de estudantes da rede municipal do Programa Meninas dos Olhos. A iniciativa \u00e9 uma das 14 a\u00e7\u00f5es que integram o Programa Sa\u00fade na Escola (PSE), pol\u00edtica intersetorial das secretarias de Educa\u00e7\u00e3o e Sa\u00fade que objetiva promover sa\u00fade e educa\u00e7\u00e3o integral para crian\u00e7as, jovens e adultos da educa\u00e7\u00e3o p\u00fablica.<\/p>\n<p>O secret\u00e1rio Silvio Rodrigues acompanhou a consulta oftalmol\u00f3gica realizada em uma unidade m\u00f3vel, o Expresso da Vis\u00e3o II, estacionada na EPG Of\u00e9lia Echeverri Lopes, no Tabo\u00e3o. \u201cOs testes de acuidade visual, as consultas e os \u00f3culos oferecidos gratuitamente aos alunos s\u00e3o a\u00e7\u00f5es que impactam diretamente na aprendizagem dos estudantes. Esse nosso \u00e9 compromisso na Secretaria de Educa\u00e7\u00e3o e na gest\u00e3o do prefeito Lucas Sanches, que \u00e9 garantir o cumprimento de pol\u00edticas p\u00fablicas que possam melhorar a qualidade de vida do cidad\u00e3o guarulhense\u201d, disse Rodrigues.<\/p>\n<p>Ao todo, o Menina dos Olhos atende mais de 12 mil estudantes da rede municipal durante todo o ano letivo, seguindo o cronograma dos polos de atendimento, que incluem escolas e CEUs.<\/p>\n<p>Angelina Tainan Fernandes de Jesus contou que muitas pessoas de sua fam\u00edlia usam \u00f3culos e isso despertou sua aten\u00e7\u00e3o em rela\u00e7\u00e3o \u00e0 filha Antonella, de 2 anos. \u201cO pai dela, a av\u00f3 e as irm\u00e3s usam \u00f3culos, ent\u00e3o fiquei atenta. Eu j\u00e1 conhecia esse programa e a parte mais bacana \u00e9 essa, o acolhimento da crian\u00e7a e das d\u00favidas dos pais\u201d, disse a m\u00e3e.<\/p>\n<p>O programa tamb\u00e9m atua na sensibiliza\u00e7\u00e3o dos pais e profissionais da Educa\u00e7\u00e3o sobre a necessidade de reconhecer sinais, sintomas e altera\u00e7\u00f5es visuais, assim como a import\u00e2ncia do tratamento precoce.<\/p>\n<p>A m\u00e3e Josiane da Concei\u00e7\u00e3o Coutinho contou que a filha Jamile, de 7 anos, fez o teste no ano passado e identificou a necessidade de uso dos \u00f3culos. \u201cAgora, a Rebeca que tem 4 anos precisou fazer o exame tamb\u00e9m, ent\u00e3o, com duas filhas, se eu tivesse que arcar com os custos das consultas e dos \u00f3culos ficaria bem complicado\u201d, explicou a m\u00e3e ao enfatizar sua satisfa\u00e7\u00e3o com os servi\u00e7os oferecidos pela Prefeitura.<\/p>\n<p>Foto: Camila Rhodes\/PMG<\/p>\n","protected":false},"excerpt":{"rendered":"<p>A Prefeitura de Guarulhos deu in\u00edcio nesta segunda-feira (31) \u00e0s consultas oftalmol\u00f3gicas de estudantes da rede municipal do Programa Meninas dos Olhos. A iniciativa \u00e9 uma das 14 a\u00e7\u00f5es que integram o Programa Sa\u00fade na Escola (PSE), pol\u00edtica intersetorial das secretarias de Educa\u00e7\u00e3o e Sa\u00fade que objetiva promover sa\u00fade e educa\u00e7\u00e3o integral para crian\u00e7as, jovens [&hellip;]<\/p>\n","protected":false},"author":1,"featured_media":23875,"comment_status":"open","ping_status":"open","sticky":false,"template":"","format":"standard","meta":{"footnotes":""},"categories":[3],"tags":[],"class_list":{"0":"post-23874","1":"post","2":"type-post","3":"status-publish","4":"format-standard","5":"has-post-thumbnail","7":"category-guarulhos"},"_links":{"self":[{"href":"https:\/\/jm-metropole.com.br\/site\/wp-json\/wp\/v2\/posts\/23874","targetHints":{"allow":["GET"]}}],"collection":[{"href":"https:\/\/jm-metropole.com.br\/site\/wp-json\/wp\/v2\/posts"}],"about":[{"href":"https:\/\/jm-metropole.com.br\/site\/wp-json\/wp\/v2\/types\/post"}],"author":[{"embeddable":true,"href":"https:\/\/jm-metropole.com.br\/site\/wp-json\/wp\/v2\/users\/1"}],"replies":[{"embeddable":true,"href":"https:\/\/jm-metropole.com.br\/site\/wp-json\/wp\/v2\/comments?post=23874"}],"version-history":[{"count":1,"href":"https:\/\/jm-metropole.com.br\/site\/wp-json\/wp\/v2\/posts\/23874\/revisions"}],"predecessor-version":[{"id":23876,"href":"https:\/\/jm-metropole.com.br\/site\/wp-json\/wp\/v2\/posts\/23874\/revisions\/23876"}],"wp:featuredmedia":[{"embeddable":true,"href":"https:\/\/jm-metropole.com.br\/site\/wp-json\/wp\/v2\/media\/23875"}],"wp:attachment":[{"href":"https:\/\/jm-metropole.com.br\/site\/wp-json\/wp\/v2\/media?parent=23874"}],"wp:term":[{"taxonomy":"category","embeddable":true,"href":"https:\/\/jm-metropole.com.br\/site\/wp-json\/wp\/v2\/categories?post=23874"},{"taxonomy":"post_tag","embeddable":true,"href":"https:\/\/jm-metropole.com.br\/site\/wp-json\/wp\/v2\/tags?post=23874"}],"curies":[{"name":"wp","href":"https:\/\/api.w.org\/{rel}","templated":true}]}}