{"id":23861,"date":"2025-04-01T15:42:57","date_gmt":"2025-04-01T18:42:57","guid":{"rendered":"https:\/\/jm-metropole.com.br\/site\/?p=23861"},"modified":"2025-04-01T15:42:57","modified_gmt":"2025-04-01T18:42:57","slug":"pgr-defende-prisao-preventiva-de-rivaldo-barbosa-reu-no-caso-marielle","status":"publish","type":"post","link":"https:\/\/jm-metropole.com.br\/site\/pgr-defende-prisao-preventiva-de-rivaldo-barbosa-reu-no-caso-marielle\/","title":{"rendered":"PGR defende pris\u00e3o preventiva de Rivaldo Barbosa, r\u00e9u no caso Marielle"},"content":{"rendered":"<div class=\"header-noticia full-width\">\n<div class=\"linha-fina-noticia\">Para a Procuradoria, deten\u00e7\u00e3o se mant\u00e9m necess\u00e1ria<\/div>\n<\/div>\n<div class=\"container-autoria\"><\/div>\n<div>\n<p>A Procuradoria-Geral da Rep\u00fablica (PGR) enviou parecer ao Supremo Tribunal Federal (STF) pela manuten\u00e7\u00e3o da pris\u00e3o preventiva do delegado Rivaldo Barbosa, ex-chefe da Pol\u00edcia Civil do Rio de Janeiro e r\u00e9u acusado de planejar e ordenar a morte da vereadora Marielle Franco, que foi assassinada em mar\u00e7o de 2018 junto com seu motorista, Anderson Gomes.\u00a0<img decoding=\"async\" src=\"https:\/\/agenciabrasil.ebc.com.br\/ebc.png?id=1637031&amp;o=node\" \/><img decoding=\"async\" src=\"https:\/\/agenciabrasil.ebc.com.br\/ebc.gif?id=1637031&amp;o=node\" \/><\/p>\n<p><strong>A manifesta\u00e7\u00e3o, assinada pelo vice-procurador-geral da Rep\u00fablica, Hindenburgo Chateaubriand Filho e enviada ao Supremo na tarde dessa segunda-feira (31), afirma \u201cn\u00e3o haver d\u00favidas\u201d de que \u201ca pris\u00e3o preventiva se mant\u00e9m necess\u00e1ria\u201d.\u00a0<\/strong><\/p>\n<p>Por ordem do relator do caso, ministro Alexandre de Moraes, a PGR respondeu a um pedido da defesa de Barbosa para que ele seja solto. O ex-delegado est\u00e1 preso h\u00e1 um ano em uma penitenci\u00e1ria federal, ap\u00f3s ter sido apontado como um dos mentores e mandantes do crime.<\/p>\n<p><strong>A defesa argumenta o prazo excessivo para a pris\u00e3o preventiva, sem que haja expectativa para o julgamento final do caso, e que Barbosa n\u00e3o representa nenhum risco \u00e0 instru\u00e7\u00e3o da a\u00e7\u00e3o penal sobre o assassinato de Marielle.\u00a0<\/strong><\/p>\n<p>Outro argumento da defesa \u00e9 de que Barbosa foi preso preventivamente sob a acusa\u00e7\u00e3o de ter solicitado ou aceitado pagamentos indevidos para atrapalhar as investiga\u00e7\u00f5es sobre o crime, mas acabou n\u00e3o sendo indiciado nem denunciado por tais fatos, n\u00e3o havendo mais justificativa para a pris\u00e3o.<\/p>\n<p>A PGR discordou, afirmando que os motivos que levaram \u00e0 pris\u00e3o de Barbosa \u201cencontram-se rigorosamente mantidos\u201d. O \u00f3rg\u00e3o destacou que o executor confesso do crime e delator, Ronnie Lessa, disse que Barbosa teve \u201cparticipa\u00e7\u00e3o crucial\u201d no assassinato da vereadora.<\/p>\n<p>Outro ponto frisado pela PGR foi o fato de Barbosa ter trocado o delegado de Pol\u00edcia Civil respons\u00e1vel por investigar o assassinato por Giniton Lages, algu\u00e9m de sua confian\u00e7a, logo ap\u00f3s assumir o comando da corpora\u00e7\u00e3o.<\/p>\n<p>Caber\u00e1 agora a Moraes analisar as manifesta\u00e7\u00f5es de acusa\u00e7\u00e3o e defesa.<\/p>\n<p>Em junho do ano passado, a Primeira Turma do Supremo, colegiado composto por cinco ministros e onde tramita o caso de Marielle, decidiu por unanimidade tornar r\u00e9us Barbosa, o deputado Chiquinho Braz\u00e3o (Sem partido-RJ) e seu irm\u00e3o, Domingos Braz\u00e3o, conselheiro do Tribunal de Contas do Rio de Janeiro.<\/p>\n<p><strong>Os tr\u00eas foram denunciados pela PGR como mentores do assassinato de Marielle Franco. A motiva\u00e7\u00e3o para o crime seria a atua\u00e7\u00e3o da vereadora contra os interesses dos irm\u00e3os Braz\u00e3o na explora\u00e7\u00e3o de \u00e1reas controladas pela mil\u00edcia na zona oeste da cidade do Rio.\u00a0<\/strong><\/p>\n<p>*Com informa\u00e7\u00f5es de Ag\u00eancia Brasil<\/p>\n<\/div>\n","protected":false},"excerpt":{"rendered":"<p>Para a Procuradoria, deten\u00e7\u00e3o se mant\u00e9m necess\u00e1ria A Procuradoria-Geral da Rep\u00fablica (PGR) enviou parecer ao Supremo Tribunal Federal (STF) pela manuten\u00e7\u00e3o da pris\u00e3o preventiva do delegado Rivaldo Barbosa, ex-chefe da Pol\u00edcia Civil do Rio de Janeiro e r\u00e9u acusado de planejar e ordenar a morte da vereadora Marielle Franco, que foi assassinada em mar\u00e7o de [&hellip;]<\/p>\n","protected":false},"author":1,"featured_media":23862,"comment_status":"open","ping_status":"open","sticky":false,"template":"","format":"standard","meta":{"footnotes":""},"categories":[1],"tags":[],"class_list":{"0":"post-23861","1":"post","2":"type-post","3":"status-publish","4":"format-standard","5":"has-post-thumbnail","7":"category-tudo"},"_links":{"self":[{"href":"https:\/\/jm-metropole.com.br\/site\/wp-json\/wp\/v2\/posts\/23861","targetHints":{"allow":["GET"]}}],"collection":[{"href":"https:\/\/jm-metropole.com.br\/site\/wp-json\/wp\/v2\/posts"}],"about":[{"href":"https:\/\/jm-metropole.com.br\/site\/wp-json\/wp\/v2\/types\/post"}],"author":[{"embeddable":true,"href":"https:\/\/jm-metropole.com.br\/site\/wp-json\/wp\/v2\/users\/1"}],"replies":[{"embeddable":true,"href":"https:\/\/jm-metropole.com.br\/site\/wp-json\/wp\/v2\/comments?post=23861"}],"version-history":[{"count":1,"href":"https:\/\/jm-metropole.com.br\/site\/wp-json\/wp\/v2\/posts\/23861\/revisions"}],"predecessor-version":[{"id":23863,"href":"https:\/\/jm-metropole.com.br\/site\/wp-json\/wp\/v2\/posts\/23861\/revisions\/23863"}],"wp:featuredmedia":[{"embeddable":true,"href":"https:\/\/jm-metropole.com.br\/site\/wp-json\/wp\/v2\/media\/23862"}],"wp:attachment":[{"href":"https:\/\/jm-metropole.com.br\/site\/wp-json\/wp\/v2\/media?parent=23861"}],"wp:term":[{"taxonomy":"category","embeddable":true,"href":"https:\/\/jm-metropole.com.br\/site\/wp-json\/wp\/v2\/categories?post=23861"},{"taxonomy":"post_tag","embeddable":true,"href":"https:\/\/jm-metropole.com.br\/site\/wp-json\/wp\/v2\/tags?post=23861"}],"curies":[{"name":"wp","href":"https:\/\/api.w.org\/{rel}","templated":true}]}}