{"id":23855,"date":"2025-04-01T15:39:15","date_gmt":"2025-04-01T18:39:15","guid":{"rendered":"https:\/\/jm-metropole.com.br\/site\/?p=23855"},"modified":"2025-04-01T15:39:15","modified_gmt":"2025-04-01T18:39:15","slug":"declaracao-pre-preenchida-completa-do-ir-esta-disponivel","status":"publish","type":"post","link":"https:\/\/jm-metropole.com.br\/site\/declaracao-pre-preenchida-completa-do-ir-esta-disponivel\/","title":{"rendered":"Declara\u00e7\u00e3o pr\u00e9-preenchida completa do IR est\u00e1 dispon\u00edvel"},"content":{"rendered":"<div class=\"header-noticia full-width\">\n<div class=\"linha-fina-noticia\">Envio do documento pelo celular tamb\u00e9m come\u00e7a nesta ter\u00e7a<\/div>\n<\/div>\n<div class=\"container-autoria\"><\/div>\n<div>\n<p>Ap\u00f3s duas semanas com informa\u00e7\u00f5es parciais,<strong>\u00a0a declara\u00e7\u00e3o pr\u00e9-preenchida do<\/strong>\u00a0<a href=\"https:\/\/agenciabrasil.ebc.com.br\/economia\/noticia\/2025-03\/confira-regras-do-irpf-2025-prazo-para-declaracao-comeca-na-segunda\" target=\"_blank\" rel=\"noopener\">Imposto de Renda Pessoa F\u00edsica (IRPF)\u00a0<\/a><strong>est\u00e1 dispon\u00edvel com dados completos a partir desta ter\u00e7a-feira (1\u00ba)<\/strong>. O atraso ocorreu por causa da greve dos auditores-fiscais da Receita Federal.<img decoding=\"async\" src=\"https:\/\/agenciabrasil.ebc.com.br\/ebc.png?id=1636959&amp;o=node\" \/><img decoding=\"async\" src=\"https:\/\/agenciabrasil.ebc.com.br\/ebc.gif?id=1636959&amp;o=node\" \/><\/p>\n<p>Tamb\u00e9m a partir desta ter\u00e7a,\u00a0<strong>est\u00e1 dispon\u00edvel a declara\u00e7\u00e3o pelo celular e pelo Centro Virtual de Atendimento ao Contribuinte (e-CAC)<\/strong>. Alternativas ao programa gerador do Imposto de Renda, os dois recursos de preenchimento tamb\u00e9m atrasaram por causa da greve.<\/p>\n<p>Al\u00e9m de acelerar o preenchimento da Declara\u00e7\u00e3o do Imposto de Renda,\u00a0<strong>a vers\u00e3o pr\u00e9-preenchida d\u00e1 prioridade no recebimento da restitui\u00e7\u00e3o<\/strong>.<\/p>\n<p>Com todos os dados dispon\u00edveis, os contribuintes ter\u00e3o acesso autom\u00e1tico \u00e0s seguintes informa\u00e7\u00f5es:<\/p>\n<p>\u2022 \u00a0 \u00a0Declara\u00e7\u00e3o do Imposto sobre a Renda Retido na Fonte (Dirf);<\/p>\n<p>\u2022 \u00a0 \u00a0Declara\u00e7\u00e3o de Informa\u00e7\u00f5es sobre Atividades Imobili\u00e1rias (Dimob);<\/p>\n<p>\u2022 \u00a0 \u00a0Declara\u00e7\u00e3o de Servi\u00e7os M\u00e9dicos e de Sa\u00fade (Dmed);<\/p>\n<p>\u2022 \u00a0 \u00a0Carn\u00ea-Le\u00e3o Web.<\/p>\n<p>\u2022 \u00a0 \u00a0rendimentos isentos decorrentes de mol\u00e9stia grave;<\/p>\n<p>\u2022 \u00a0 \u00a0c\u00f3digos de juros;<\/p>\n<p>\u2022 \u00a0 \u00a0restitui\u00e7\u00f5es recebidas no ano-calend\u00e1rio.<\/p>\n<p>\u2022 \u00a0 \u00a0saldos banc\u00e1rios;<\/p>\n<p>\u2022 \u00a0 \u00a0investimentos;<\/p>\n<p>\u2022 \u00a0 \u00a0im\u00f3veis adquiridos;<\/p>\n<p>\u2022 \u00a0 \u00a0doa\u00e7\u00f5es realizadas no ano-calend\u00e1rio;<\/p>\n<p>\u2022 \u00a0 \u00a0criptoativos<\/p>\n<p>\u2022 \u00a0 \u00a0contas banc\u00e1rias e ativos no exterior;<\/p>\n<p>\u2022 \u00a0 \u00a0contribui\u00e7\u00f5es para a previd\u00eancia privada.<\/p>\n<p>Na etapa inicial de entrega da Declara\u00e7\u00e3o do Imposto de Renda Pessoa F\u00edsica 2025, a Receita fornecia a declara\u00e7\u00e3o pr\u00e9-preenchida apenas com os dados da Dirf, da Dimob, da Dimed e do Carn\u00ea-Le\u00e3o Web. Outros dados foram acrescentados nos \u00faltimos dias, mas a declara\u00e7\u00e3o pr\u00e9-preenchida ainda n\u00e3o estava completa.<\/p>\n<h2>Declara\u00e7\u00e3o por celular<\/h2>\n<p>A<strong>\u00a0declara\u00e7\u00e3o pelo celular e feita por meio do aplicativo do Meu Imposto de Renda<\/strong>, sem a necessidade de baixar o programa no computador. O\u00a0<strong>site do e-CAC tamb\u00e9m foi atualizado para permitir o preenchimento e o envio on-line<\/strong>.<\/p>\n<p>A Receita Federal pretende substituir o programa gerador da declara\u00e7\u00e3o (PGD), baixado nos computadores, pelo preenchimento on-line e por dispositivos m\u00f3veis. No entanto, o Fisco ainda n\u00e3o forneceu uma data para a descontinuidade do PGD.<\/p>\n<blockquote><p>\u201cA gente tem investido muito forte na solu\u00e7\u00e3o do Meu Imposto de Renda. Em algum momento vamos acabar com o PGD em prol dessa solu\u00e7\u00e3o online, que \u00e9 mais segura\u201d, afirmou o supervisor nacional do Imposto de Renda, Jos\u00e9 Carlos Fonseca, durante a apresenta\u00e7\u00e3o das regras, no m\u00eas passado.<\/p><\/blockquote>\n<h2>Prazo<\/h2>\n<p>O\u00a0<strong>prazo de envio da Declara\u00e7\u00e3o do Imposto de Renda Pessoa F\u00edsica 2025<\/strong><a href=\"https:\/\/agenciabrasil.ebc.com.br\/economia\/noticia\/2025-03\/receita-comeca-receber-nesta-segunda-declaracoes-do-imposto-de-renda\" target=\"_blank\" rel=\"noopener\">\u00a0come\u00e7ou em 17 de mar\u00e7o\u00a0<\/a><strong>e vai at\u00e9 30 de maio, \u00e0s 23h59min59s<\/strong>.<\/p>\n<p>A Receita recomenda aos<strong>\u00a0contribuintes que tenham toda a documenta\u00e7\u00e3o em m\u00e3os para comparar com os dados fornecidos na pr\u00e9-preenchida<\/strong>. Em caso de diverg\u00eancias, o contribuinte deve preencher as informa\u00e7\u00f5es dos documentos.<\/p>\n<p>A Receita Federal espera receber, neste ano, 46,2 milh\u00f5es de declara\u00e7\u00f5es. O n\u00famero representa alta de quase 7% em rela\u00e7\u00e3o ao n\u00famero de entregas em 2024.<\/p>\n<p>*Com informa\u00e7\u00f5es de Ag\u00eancia Brasil<\/p>\n<\/div>\n","protected":false},"excerpt":{"rendered":"<p>Envio do documento pelo celular tamb\u00e9m come\u00e7a nesta ter\u00e7a Ap\u00f3s duas semanas com informa\u00e7\u00f5es parciais,\u00a0a declara\u00e7\u00e3o pr\u00e9-preenchida do\u00a0Imposto de Renda Pessoa F\u00edsica (IRPF)\u00a0est\u00e1 dispon\u00edvel com dados completos a partir desta ter\u00e7a-feira (1\u00ba). O atraso ocorreu por causa da greve dos auditores-fiscais da Receita Federal. Tamb\u00e9m a partir desta ter\u00e7a,\u00a0est\u00e1 dispon\u00edvel a declara\u00e7\u00e3o pelo celular e [&hellip;]<\/p>\n","protected":false},"author":1,"featured_media":23856,"comment_status":"open","ping_status":"open","sticky":false,"template":"","format":"standard","meta":{"footnotes":""},"categories":[1],"tags":[],"class_list":{"0":"post-23855","1":"post","2":"type-post","3":"status-publish","4":"format-standard","5":"has-post-thumbnail","7":"category-tudo"},"_links":{"self":[{"href":"https:\/\/jm-metropole.com.br\/site\/wp-json\/wp\/v2\/posts\/23855","targetHints":{"allow":["GET"]}}],"collection":[{"href":"https:\/\/jm-metropole.com.br\/site\/wp-json\/wp\/v2\/posts"}],"about":[{"href":"https:\/\/jm-metropole.com.br\/site\/wp-json\/wp\/v2\/types\/post"}],"author":[{"embeddable":true,"href":"https:\/\/jm-metropole.com.br\/site\/wp-json\/wp\/v2\/users\/1"}],"replies":[{"embeddable":true,"href":"https:\/\/jm-metropole.com.br\/site\/wp-json\/wp\/v2\/comments?post=23855"}],"version-history":[{"count":1,"href":"https:\/\/jm-metropole.com.br\/site\/wp-json\/wp\/v2\/posts\/23855\/revisions"}],"predecessor-version":[{"id":23857,"href":"https:\/\/jm-metropole.com.br\/site\/wp-json\/wp\/v2\/posts\/23855\/revisions\/23857"}],"wp:featuredmedia":[{"embeddable":true,"href":"https:\/\/jm-metropole.com.br\/site\/wp-json\/wp\/v2\/media\/23856"}],"wp:attachment":[{"href":"https:\/\/jm-metropole.com.br\/site\/wp-json\/wp\/v2\/media?parent=23855"}],"wp:term":[{"taxonomy":"category","embeddable":true,"href":"https:\/\/jm-metropole.com.br\/site\/wp-json\/wp\/v2\/categories?post=23855"},{"taxonomy":"post_tag","embeddable":true,"href":"https:\/\/jm-metropole.com.br\/site\/wp-json\/wp\/v2\/tags?post=23855"}],"curies":[{"name":"wp","href":"https:\/\/api.w.org\/{rel}","templated":true}]}}