{"id":23852,"date":"2025-04-01T09:22:35","date_gmt":"2025-04-01T12:22:35","guid":{"rendered":"https:\/\/jm-metropole.com.br\/site\/?p=23852"},"modified":"2025-04-01T09:22:35","modified_gmt":"2025-04-01T12:22:35","slug":"ecopontos-passarao-a-funcionar-de-segunda-feira-a-sabado-fechando-aos-domingos","status":"publish","type":"post","link":"https:\/\/jm-metropole.com.br\/site\/ecopontos-passarao-a-funcionar-de-segunda-feira-a-sabado-fechando-aos-domingos\/","title":{"rendered":"Ecopontos passar\u00e3o a funcionar de segunda-feira a s\u00e1bado, fechando aos domingos"},"content":{"rendered":"<p>A partir do pr\u00f3ximo domingo, dia 6 de abril, os quatro ecopontos de Mogi das Cruzes passar\u00e3o a funcionar de segunda-feira a s\u00e1bado, fechando aos domingos para manuten\u00e7\u00e3o e limpeza interna. A medida anunciada pela Secretaria Municipal do Meio Ambiente e Prote\u00e7\u00e3o Animal tem como objetivo se adequar \u00e0 demanda da popula\u00e7\u00e3o e ao movimento dos equipamentos, que desde o ano passado passaram a fechar \u00e0s quintas-feiras, um dia que normalmente registra boa procura por parte das pessoas interessadas em descartar seus recicl\u00e1veis e objetos inserv\u00edveis. Nesta quinta-feira (3\/4) os ecopontos funcionar\u00e3o normalmente.<\/p>\n<p>Os ecopontos de Mogi das Cruzes funcionam no Jardim Arm\u00eania, Parque Ol\u00edmpico, Jundiapeba e Cezar de Souza, das 8h \u00e0s 18h. Recebem recicl\u00e1veis (papel, papel\u00e3o, pl\u00e1stico, vidro, metal, \u00f3leo de cozinha), eletroeletr\u00f4nicos e eletrodom\u00e9sticos, madeira (exce\u00e7\u00e3o do Parque Ol\u00edmpico), m\u00f3veis desmontados (sof\u00e1s, colch\u00f5es, arm\u00e1rios, com exce\u00e7\u00e3o do Parque Ol\u00edmpico), pneus (at\u00e9 4 unidades por pessoa\/m\u00eas), res\u00edduos de poda e jardinagem (at\u00e9 1 metro c\u00fabico ou 10 sacos de 100 litros por pessoa\/m\u00eas) e res\u00edduos de constru\u00e7\u00e3o civil e demoli\u00e7\u00e3o (at\u00e9 1 metro c\u00fabico ou 10 sacos de 100 litros por pessoa\/m\u00eas). As unidades complementam dois outros trabalhos desenvolvidos pela Prefeitura, que s\u00e3o a coleta do material recicl\u00e1vel e as opera\u00e7\u00f5es Cata-Tranqueira.<\/p>\n<p><a href=\"https:\/\/www.mogidascruzes.sp.gov.br\/pesquisa?tipo=&amp;query=ECOPONTOS\" target=\"_blank\" rel=\"noopener\">Clique aqui<\/a>\u00a0para ver os endere\u00e7os e mais informa\u00e7\u00f5es sobre os ecopontos<\/p>\n<p>A Secretaria de Meio Ambiente refor\u00e7a que os ecopontos s\u00e3o destinados a pessoas f\u00edsicas, com pequena gera\u00e7\u00e3o de materiais. As unidades tamb\u00e9m n\u00e3o recebem lixo comum domiciliar, que deve ser descartado segundo a programa\u00e7\u00e3o de coleta. Res\u00edduos gerados por ind\u00fastrias e pelo com\u00e9rcio tamb\u00e9m n\u00e3o s\u00e3o aceitos nos ecopontos, ficando o gerador respons\u00e1vel pela destina\u00e7\u00e3o<\/p>\n","protected":false},"excerpt":{"rendered":"<p>A partir do pr\u00f3ximo domingo, dia 6 de abril, os quatro ecopontos de Mogi das Cruzes passar\u00e3o a funcionar de segunda-feira a s\u00e1bado, fechando aos domingos para manuten\u00e7\u00e3o e limpeza interna. A medida anunciada pela Secretaria Municipal do Meio Ambiente e Prote\u00e7\u00e3o Animal tem como objetivo se adequar \u00e0 demanda da popula\u00e7\u00e3o e ao movimento [&hellip;]<\/p>\n","protected":false},"author":1,"featured_media":23853,"comment_status":"open","ping_status":"open","sticky":false,"template":"","format":"standard","meta":{"footnotes":""},"categories":[10],"tags":[],"class_list":{"0":"post-23852","1":"post","2":"type-post","3":"status-publish","4":"format-standard","5":"has-post-thumbnail","7":"category-mogi-das-cruzes"},"_links":{"self":[{"href":"https:\/\/jm-metropole.com.br\/site\/wp-json\/wp\/v2\/posts\/23852","targetHints":{"allow":["GET"]}}],"collection":[{"href":"https:\/\/jm-metropole.com.br\/site\/wp-json\/wp\/v2\/posts"}],"about":[{"href":"https:\/\/jm-metropole.com.br\/site\/wp-json\/wp\/v2\/types\/post"}],"author":[{"embeddable":true,"href":"https:\/\/jm-metropole.com.br\/site\/wp-json\/wp\/v2\/users\/1"}],"replies":[{"embeddable":true,"href":"https:\/\/jm-metropole.com.br\/site\/wp-json\/wp\/v2\/comments?post=23852"}],"version-history":[{"count":1,"href":"https:\/\/jm-metropole.com.br\/site\/wp-json\/wp\/v2\/posts\/23852\/revisions"}],"predecessor-version":[{"id":23854,"href":"https:\/\/jm-metropole.com.br\/site\/wp-json\/wp\/v2\/posts\/23852\/revisions\/23854"}],"wp:featuredmedia":[{"embeddable":true,"href":"https:\/\/jm-metropole.com.br\/site\/wp-json\/wp\/v2\/media\/23853"}],"wp:attachment":[{"href":"https:\/\/jm-metropole.com.br\/site\/wp-json\/wp\/v2\/media?parent=23852"}],"wp:term":[{"taxonomy":"category","embeddable":true,"href":"https:\/\/jm-metropole.com.br\/site\/wp-json\/wp\/v2\/categories?post=23852"},{"taxonomy":"post_tag","embeddable":true,"href":"https:\/\/jm-metropole.com.br\/site\/wp-json\/wp\/v2\/tags?post=23852"}],"curies":[{"name":"wp","href":"https:\/\/api.w.org\/{rel}","templated":true}]}}