{"id":23846,"date":"2025-04-01T09:20:32","date_gmt":"2025-04-01T12:20:32","guid":{"rendered":"https:\/\/jm-metropole.com.br\/site\/?p=23846"},"modified":"2025-04-01T09:28:07","modified_gmt":"2025-04-01T12:28:07","slug":"prefeitura-de-santa-isabel-inicia-fiscalizacao-de-terrenos","status":"publish","type":"post","link":"https:\/\/jm-metropole.com.br\/site\/prefeitura-de-santa-isabel-inicia-fiscalizacao-de-terrenos\/","title":{"rendered":"Prefeitura de Santa Isabel inicia fiscaliza\u00e7\u00e3o de terrenos"},"content":{"rendered":"<p>O Munic\u00edpio de Santa Isabel por meio da Secretaria de Planejamento Urbano, Obras e Habita\u00e7\u00e3o informa que, a partir do dia 01 de abril de 2025, a equipe de fiscais ir\u00e1 intensificar a fiscaliza\u00e7\u00e3o sobre a limpeza de im\u00f3veis, fechamento de terrenos n\u00e3o edificados e a constru\u00e7\u00e3o e manuten\u00e7\u00e3o de passeios. Esta a\u00e7\u00e3o est\u00e1 em conformidade com a Lei Municipal n\u00b0 2741, de 17 de mar\u00e7o de 2014, regulamentada pelo Decreto n\u00ba 7.337, de 17 de mar\u00e7o de 2025.<\/p>\n<p>Para evitar autua\u00e7\u00f5es, inclusive multa, os propriet\u00e1rios, possuidores e\/ou locat\u00e1rios dever\u00e3o cumprir com o que determina a legisla\u00e7\u00e3o vigente.<\/p>\n<p>A Secretaria ressalta que a limpeza e a conserva\u00e7\u00e3o dos terrenos s\u00e3o responsabilidades dos propriet\u00e1rios e que manter os im\u00f3veis em ordem contribui para um ambiente mais saud\u00e1vel e seguro para toda a comunidade.<\/p>\n","protected":false},"excerpt":{"rendered":"<p>O Munic\u00edpio de Santa Isabel por meio da Secretaria de Planejamento Urbano, Obras e Habita\u00e7\u00e3o informa que, a partir do dia 01 de abril de 2025, a equipe de fiscais ir\u00e1 intensificar a fiscaliza\u00e7\u00e3o sobre a limpeza de im\u00f3veis, fechamento de terrenos n\u00e3o edificados e a constru\u00e7\u00e3o e manuten\u00e7\u00e3o de passeios. Esta a\u00e7\u00e3o est\u00e1 em [&hellip;]<\/p>\n","protected":false},"author":1,"featured_media":23847,"comment_status":"open","ping_status":"open","sticky":false,"template":"","format":"standard","meta":{"footnotes":""},"categories":[5],"tags":[],"class_list":{"0":"post-23846","1":"post","2":"type-post","3":"status-publish","4":"format-standard","5":"has-post-thumbnail","7":"category-santa-isabel"},"_links":{"self":[{"href":"https:\/\/jm-metropole.com.br\/site\/wp-json\/wp\/v2\/posts\/23846","targetHints":{"allow":["GET"]}}],"collection":[{"href":"https:\/\/jm-metropole.com.br\/site\/wp-json\/wp\/v2\/posts"}],"about":[{"href":"https:\/\/jm-metropole.com.br\/site\/wp-json\/wp\/v2\/types\/post"}],"author":[{"embeddable":true,"href":"https:\/\/jm-metropole.com.br\/site\/wp-json\/wp\/v2\/users\/1"}],"replies":[{"embeddable":true,"href":"https:\/\/jm-metropole.com.br\/site\/wp-json\/wp\/v2\/comments?post=23846"}],"version-history":[{"count":1,"href":"https:\/\/jm-metropole.com.br\/site\/wp-json\/wp\/v2\/posts\/23846\/revisions"}],"predecessor-version":[{"id":23848,"href":"https:\/\/jm-metropole.com.br\/site\/wp-json\/wp\/v2\/posts\/23846\/revisions\/23848"}],"wp:featuredmedia":[{"embeddable":true,"href":"https:\/\/jm-metropole.com.br\/site\/wp-json\/wp\/v2\/media\/23847"}],"wp:attachment":[{"href":"https:\/\/jm-metropole.com.br\/site\/wp-json\/wp\/v2\/media?parent=23846"}],"wp:term":[{"taxonomy":"category","embeddable":true,"href":"https:\/\/jm-metropole.com.br\/site\/wp-json\/wp\/v2\/categories?post=23846"},{"taxonomy":"post_tag","embeddable":true,"href":"https:\/\/jm-metropole.com.br\/site\/wp-json\/wp\/v2\/tags?post=23846"}],"curies":[{"name":"wp","href":"https:\/\/api.w.org\/{rel}","templated":true}]}}