{"id":23837,"date":"2025-03-31T17:52:34","date_gmt":"2025-03-31T20:52:34","guid":{"rendered":"https:\/\/jm-metropole.com.br\/site\/?p=23837"},"modified":"2025-03-31T17:52:34","modified_gmt":"2025-03-31T20:52:34","slug":"guarulhos-anuncia-campanha-vista-azul-pela-conscientizacao-do-autismo","status":"publish","type":"post","link":"https:\/\/jm-metropole.com.br\/site\/guarulhos-anuncia-campanha-vista-azul-pela-conscientizacao-do-autismo\/","title":{"rendered":"Guarulhos anuncia campanha Vista Azul pela Conscientiza\u00e7\u00e3o do Autismo"},"content":{"rendered":"<p>Em alus\u00e3o ao Dia Mundial da Conscientiza\u00e7\u00e3o do Autismo, nesta quarta-feira (2) a Prefeitura de Guarulhos convida toda a popula\u00e7\u00e3o a vestir uma pe\u00e7a de roupa azul e postar uma foto nas redes sociais com a hashtag #GuarulhosdeAzulPeloAutismo. A campanha da Subsecretaria de Acessibilidade e Inclus\u00e3o visa a ampliar a conscientiza\u00e7\u00e3o sobre o Transtorno do Espectro Autista (TEA) e demonstrar apoio \u00e0 inclus\u00e3o das pessoas portadoras de tal dist\u00farbio no munic\u00edpio.<\/p>\n<p>Vestir azul nesta data, institu\u00edda pela Organiza\u00e7\u00e3o das Na\u00e7\u00f5es Unidas (ONU) em 2007, simboliza solidariedade e apoio ao movimento global que busca promover um mundo mais inclusivo e compreensivo para todos.<\/p>\n<p>O autismo \u00e9 um transtorno neurol\u00f3gico caracterizado por comprometimento da intera\u00e7\u00e3o social, comunica\u00e7\u00e3o verbal e n\u00e3o verbal e comportamento restrito e repetitivo. Esta condi\u00e7\u00e3o afeta a forma como as pessoas autistas percebem e interagem com o mundo ao seu redor.<\/p>\n<p>A Subsecretaria de Acessibilidade e Inclus\u00e3o integra a Secretaria de Direitos Humanos.<\/p>\n<p>Imagem: Diego Fr\u00f3is \/ PMG<\/p>\n","protected":false},"excerpt":{"rendered":"<p>Em alus\u00e3o ao Dia Mundial da Conscientiza\u00e7\u00e3o do Autismo, nesta quarta-feira (2) a Prefeitura de Guarulhos convida toda a popula\u00e7\u00e3o a vestir uma pe\u00e7a de roupa azul e postar uma foto nas redes sociais com a hashtag #GuarulhosdeAzulPeloAutismo. A campanha da Subsecretaria de Acessibilidade e Inclus\u00e3o visa a ampliar a conscientiza\u00e7\u00e3o sobre o Transtorno do [&hellip;]<\/p>\n","protected":false},"author":1,"featured_media":23838,"comment_status":"open","ping_status":"open","sticky":false,"template":"","format":"standard","meta":{"footnotes":""},"categories":[3],"tags":[],"class_list":{"0":"post-23837","1":"post","2":"type-post","3":"status-publish","4":"format-standard","5":"has-post-thumbnail","7":"category-guarulhos"},"_links":{"self":[{"href":"https:\/\/jm-metropole.com.br\/site\/wp-json\/wp\/v2\/posts\/23837","targetHints":{"allow":["GET"]}}],"collection":[{"href":"https:\/\/jm-metropole.com.br\/site\/wp-json\/wp\/v2\/posts"}],"about":[{"href":"https:\/\/jm-metropole.com.br\/site\/wp-json\/wp\/v2\/types\/post"}],"author":[{"embeddable":true,"href":"https:\/\/jm-metropole.com.br\/site\/wp-json\/wp\/v2\/users\/1"}],"replies":[{"embeddable":true,"href":"https:\/\/jm-metropole.com.br\/site\/wp-json\/wp\/v2\/comments?post=23837"}],"version-history":[{"count":1,"href":"https:\/\/jm-metropole.com.br\/site\/wp-json\/wp\/v2\/posts\/23837\/revisions"}],"predecessor-version":[{"id":23839,"href":"https:\/\/jm-metropole.com.br\/site\/wp-json\/wp\/v2\/posts\/23837\/revisions\/23839"}],"wp:featuredmedia":[{"embeddable":true,"href":"https:\/\/jm-metropole.com.br\/site\/wp-json\/wp\/v2\/media\/23838"}],"wp:attachment":[{"href":"https:\/\/jm-metropole.com.br\/site\/wp-json\/wp\/v2\/media?parent=23837"}],"wp:term":[{"taxonomy":"category","embeddable":true,"href":"https:\/\/jm-metropole.com.br\/site\/wp-json\/wp\/v2\/categories?post=23837"},{"taxonomy":"post_tag","embeddable":true,"href":"https:\/\/jm-metropole.com.br\/site\/wp-json\/wp\/v2\/tags?post=23837"}],"curies":[{"name":"wp","href":"https:\/\/api.w.org\/{rel}","templated":true}]}}