{"id":23831,"date":"2025-03-31T17:50:10","date_gmt":"2025-03-31T20:50:10","guid":{"rendered":"https:\/\/jm-metropole.com.br\/site\/?p=23831"},"modified":"2025-03-31T17:50:10","modified_gmt":"2025-03-31T20:50:10","slug":"gcm-e-detran-realizam-fiscalizacao-de-transito-da-lei-seca-na-vila-galvao","status":"publish","type":"post","link":"https:\/\/jm-metropole.com.br\/site\/gcm-e-detran-realizam-fiscalizacao-de-transito-da-lei-seca-na-vila-galvao\/","title":{"rendered":"GCM e Detran realizam fiscaliza\u00e7\u00e3o de tr\u00e2nsito da Lei Seca na Vila Galv\u00e3o"},"content":{"rendered":"<p>Agentes da Inspetoria de Tr\u00e2nsito da Guarda Civil Municipal (GCM) de Guarulhos e do Departamento Estadual de Tr\u00e2nsito de S\u00e3o Paulo (Detran SP) realizaram na noite de s\u00e1bado (29) uma opera\u00e7\u00e3o integrada de tr\u00e2nsito para combater a combina\u00e7\u00e3o de \u00e1lcool e dire\u00e7\u00e3o. As a\u00e7\u00f5es de fiscaliza\u00e7\u00e3o vi\u00e1ria ocorreram na rua Alberto Ferreira Lopes, na Vila Galv\u00e3o, onde foram efetuados 438 testes de alcoolemia, dos quais 22 motoristas foram autuados por recusar passar pelo baf\u00f4metro e um por exceder a dosagem.<\/p>\n<p>O objetivo dessa a\u00e7\u00e3o \u00e9 prevenir e reduzir os acidentes causados por quem bebe e dirige, al\u00e9m disso o motorista sob efeito de \u00e1lcool est\u00e1 cometendo uma infra\u00e7\u00e3o grav\u00edssima.<\/p>\n<p>Consequ\u00eancias<\/p>\n<p>Quem se recusa a fazer o baf\u00f4metro pode ter a CNH recolhida e sofrer as demais puni\u00e7\u00f5es previstas no artigo 165 \u2013 A do CTB, por cometer infra\u00e7\u00e3o de natureza grav\u00edssima: multa por recusar baf\u00f4metro, ter o ve\u00edculo retido e o direito de dirigir suspenso por 12 meses.<\/p>\n<p>A penalidade por dirigir sob efeito de \u00e1lcool e por se recusar a fazer o teste do baf\u00f4metro \u00e9 a mesma. J\u00e1 a multa por dirigir embriagado \u00e9 aplicada quando o \u00edndice de \u00e1lcool apontado no sangue passa a ser igual ou superior a 0,34mg por litro de ar expelido.<\/p>\n","protected":false},"excerpt":{"rendered":"<p>Agentes da Inspetoria de Tr\u00e2nsito da Guarda Civil Municipal (GCM) de Guarulhos e do Departamento Estadual de Tr\u00e2nsito de S\u00e3o Paulo (Detran SP) realizaram na noite de s\u00e1bado (29) uma opera\u00e7\u00e3o integrada de tr\u00e2nsito para combater a combina\u00e7\u00e3o de \u00e1lcool e dire\u00e7\u00e3o. As a\u00e7\u00f5es de fiscaliza\u00e7\u00e3o vi\u00e1ria ocorreram na rua Alberto Ferreira Lopes, na Vila [&hellip;]<\/p>\n","protected":false},"author":1,"featured_media":23832,"comment_status":"open","ping_status":"open","sticky":false,"template":"","format":"standard","meta":{"footnotes":""},"categories":[3],"tags":[],"class_list":{"0":"post-23831","1":"post","2":"type-post","3":"status-publish","4":"format-standard","5":"has-post-thumbnail","7":"category-guarulhos"},"_links":{"self":[{"href":"https:\/\/jm-metropole.com.br\/site\/wp-json\/wp\/v2\/posts\/23831","targetHints":{"allow":["GET"]}}],"collection":[{"href":"https:\/\/jm-metropole.com.br\/site\/wp-json\/wp\/v2\/posts"}],"about":[{"href":"https:\/\/jm-metropole.com.br\/site\/wp-json\/wp\/v2\/types\/post"}],"author":[{"embeddable":true,"href":"https:\/\/jm-metropole.com.br\/site\/wp-json\/wp\/v2\/users\/1"}],"replies":[{"embeddable":true,"href":"https:\/\/jm-metropole.com.br\/site\/wp-json\/wp\/v2\/comments?post=23831"}],"version-history":[{"count":1,"href":"https:\/\/jm-metropole.com.br\/site\/wp-json\/wp\/v2\/posts\/23831\/revisions"}],"predecessor-version":[{"id":23833,"href":"https:\/\/jm-metropole.com.br\/site\/wp-json\/wp\/v2\/posts\/23831\/revisions\/23833"}],"wp:featuredmedia":[{"embeddable":true,"href":"https:\/\/jm-metropole.com.br\/site\/wp-json\/wp\/v2\/media\/23832"}],"wp:attachment":[{"href":"https:\/\/jm-metropole.com.br\/site\/wp-json\/wp\/v2\/media?parent=23831"}],"wp:term":[{"taxonomy":"category","embeddable":true,"href":"https:\/\/jm-metropole.com.br\/site\/wp-json\/wp\/v2\/categories?post=23831"},{"taxonomy":"post_tag","embeddable":true,"href":"https:\/\/jm-metropole.com.br\/site\/wp-json\/wp\/v2\/tags?post=23831"}],"curies":[{"name":"wp","href":"https:\/\/api.w.org\/{rel}","templated":true}]}}