{"id":23828,"date":"2025-03-31T17:41:03","date_gmt":"2025-03-31T20:41:03","guid":{"rendered":"https:\/\/jm-metropole.com.br\/site\/?p=23828"},"modified":"2025-03-31T17:41:03","modified_gmt":"2025-03-31T20:41:03","slug":"grande-evento-marca-o-encerramento-do-mes-da-mulher-em-aruja","status":"publish","type":"post","link":"https:\/\/jm-metropole.com.br\/site\/grande-evento-marca-o-encerramento-do-mes-da-mulher-em-aruja\/","title":{"rendered":"Grande evento marca o encerramento do m\u00eas da mulher em Aruj\u00e1"},"content":{"rendered":"<p>O evento que recebeu diversas fam\u00edlias e com grande ades\u00e3o das mulheres de Aruj\u00e1, foi realizado no parque Cidade Natureza<\/p>\n<p>&nbsp;<\/p>\n<p>O encerramento do M\u00eas da Mulher em Aruj\u00e1 foi marcado pelo evento \u201cCuidando de Quem Cuida\u201d, promovido pela Procuradoria Especial da Mulher, em parceria com o Fundo Social de Solidariedade e a Delegacia de Defesa da Mulher (DDM), com o apoio das secretarias municipais e diversos patrocinadores. Realizado neste s\u00e1bado (29\/03), no Parque Cidade Natureza, o evento reuniu centenas de mulheres para um dia especial com atividades de lazer, autocuidado e acesso a servi\u00e7os essenciais.<\/p>\n<p>&nbsp;<\/p>\n<p>A programa\u00e7\u00e3o contou com aulas de gin\u00e1stica, atendimento psicol\u00f3gico, espa\u00e7o da beleza, orienta\u00e7\u00f5es jur\u00eddicas, orienta\u00e7\u00e3o para empreendedores e de defesa da mulher, al\u00e9m de uma feira de artesanato e barracas de com\u00e9rcio local. A sa\u00fade tamb\u00e9m esteve em foco, com servi\u00e7os como vacina\u00e7\u00e3o contra febre amarela, aferi\u00e7\u00e3o de press\u00e3o e testes de glicemia.<\/p>\n<p>&nbsp;<\/p>\n<p>Outro destaque foi a aula de defesa pessoal, ministrada pelo professor Kitner Mendon\u00e7a, do programa Viva Esporte, ensinando t\u00e9cnicas pr\u00e1ticas para aumentar a seguran\u00e7a das mulheres. O evento ainda ofereceu oportunidades de capacita\u00e7\u00e3o profissional, com inscri\u00e7\u00f5es para cursos gratuitos do Fundo Social de Solidariedade, como \u201cFabrica\u00e7\u00e3o de P\u00e3es Doces\u201d, \u201cAjuste e Reforma de Roupas\u201d e \u201cCupcakes\u201d.<\/p>\n<p>&nbsp;<\/p>\n<p>Al\u00e9m das atividades, a festa teve um grande sorteio de pr\u00eamios, incluindo geladeira, fog\u00e3o, micro-ondas, televisores, notebook, eletrodom\u00e9sticos e vales-presente. O p\u00fablico tamb\u00e9m aproveitou um animado show da cantora Silvana Cardoso, que trouxe muita m\u00fasica e alegria para a celebra\u00e7\u00e3o.<\/p>\n<p>&nbsp;<\/p>\n<p>O prefeito Lu\u00eds Camargo destacou a import\u00e2ncia do evento e anunciou um grande avan\u00e7o para a cidade:<\/p>\n<p>\u201c\u00c9 uma alegria estar aqui, parabenizo a todas que est\u00e3o presentes. Eu fui filho de uma mulher sensacional, que veio de uma planta\u00e7\u00e3o de caf\u00e9, chegou em S\u00e3o Paulo com 16 anos, lutou e criou a gente. A mulher tem que cada dia ocupar mais espa\u00e7o. Agora, vamos lan\u00e7ar em abril a licita\u00e7\u00e3o para a constru\u00e7\u00e3o do Pr\u00f3-Mulher em Aruj\u00e1, mais uma grande conquista!\u201d<\/p>\n<p>&nbsp;<\/p>\n<p>A primeira-dama e presidente do Fundo Social, Clau Camargo, ressaltou os esfor\u00e7os da gest\u00e3o para garantir o acesso das mulheres \u00e0 sa\u00fade e capacita\u00e7\u00e3o:<\/p>\n<p>\u201cNeste m\u00eas de mar\u00e7o, anunciamos a amplia\u00e7\u00e3o do hor\u00e1rio para a realiza\u00e7\u00e3o de mamografias nas nossas cl\u00ednicas conveniadas, para atender todas as mulheres, como as m\u00e3es que trabalham e s\u00f3 podem se cuidar \u00e0 noite. Essa \u00e9 uma a\u00e7\u00e3o permanente, porque precisamos nos cuidar. Estamos aqui para ajudar e criar oportunidades, com cursos e iniciativas que garantam a independ\u00eancia das mulheres.\u201d<\/p>\n<p>&nbsp;<\/p>\n<p>Estiveram presentes no evento o prefeito Lu\u00eds Camargo, a primeira-dama e presidente do Fundo Social de Solidariedade, Clau Camargo, a presidente da C\u00e2mara Municipal, vereadora Prof.\u00aa Cris do Barreto, a delegada Regina Campanelli, titular da Delegacia de Defesa da Mulher (DDM), al\u00e9m de demais vereadores, secret\u00e1rios municipais, servidores e a popula\u00e7\u00e3o.<\/p>\n<p>O JM Metr\u00f3pole conversou com a vereadora e presidente da C\u00e2mara Municipal de Aruj\u00e1, Prof.\u00aa Cris do Barreto sobre a import\u00e2ncia do evento.<\/p>\n<p>\u201c Com todas as a\u00e7\u00f5es desenvolvidas na cidade, chegamos a atingir o nosso p\u00fablico, que era o que a gente queria. Quase todas as mulheres agendaram seus exames, cursos de capacita\u00e7\u00e3o, inscri\u00e7\u00f5es para os cursos de dan\u00e7a, palestras, participando de todas as nossas atividades , no m\u00eas de mar\u00e7o, disse a vereadora.<\/p>\n<p>A \u00a0delegada Dra. Regina Campanelli tamb\u00e9m falou ao JM Metr\u00f3pole sobre o evento e os avan\u00e7os da \u00e1rea de seguran\u00e7a para as mulheres em Aruj\u00e1.<\/p>\n<p>\u201c O m\u00eas de mar\u00e7o foi um m\u00eas emblem\u00e1tico em Aruj\u00e1, com a rede de apoio integrada fez um trabalho muito bonito, com palestras, blitz na rodovi\u00e1ria, tamb\u00e9m comemoramos \u00a0os 4 anos da DDM Aruj\u00e1, e o resultado \u00e9 \u00f3timo. Foram 3200 mulheres atendidas, mais de 1500 inqu\u00e9ritos policiais instaurados, 600 medidas protetivas concedidas pelo poder judici\u00e1rio. Isso significa que a mulher precisa realmente de um lugar pra se sentir acolhida e a delegacia da mulher, traz esse acolhimento\u201d, destacou a delegada titular da Delegacia de Defesa da Mulher de Aruj\u00e1.<\/p>\n<p>\u201c A patrulha Maria da Penha fiscaliza o descumprimento das medidas protetivas, auxiliando as mulheres a utilizar o aplicativo de bot\u00e3o do p\u00e2nico, que quando acionado faz com que a patrulha se dirija a mulher imediatamente para verifica\u00e7\u00e3o e tomada de a\u00e7\u00f5es necess\u00e1rias\u201d, completou.<\/p>\n<p>Quem tamb\u00e9m destacou a import\u00e2ncia e o sucesso do evento foi a primeira dama e presidente do Fundo Social de Solidariedade, Clau Camargo.<\/p>\n<p>\u201cPrimeiramente eu quer agradecer a presen\u00e7a de voc\u00eas da imprensa, e dizer que o m\u00eas de mar\u00e7o fo muito especial, todo dia \u00e9 o dia da mulher e n\u00f3s fizemos a\u00e7\u00f5es que ficar\u00e3o de forma permanente, como por exemplo a extens\u00e3o do exame da mamografia, que era feito das 8h as 17h e partir de 15 de mar\u00e7o, de forma permanente, passou a ser realizado com hor\u00e1rio estendido, at\u00e9 as 20h, pensando nas m\u00e3es que trabalham fora, que cuidam de filhos e maridos. Pensamos nessa a\u00e7\u00e3o porque percebemos que muitas mulheres deixavam de realizar esse importante exame, por falta de tempo\u201d, \u00a0disse a primeira dama de Aruj\u00e1.<\/p>\n<p>\u201c Tivemos al\u00e9m de grandes a\u00e7\u00f5es na \u00e1rea da sa\u00fade tamb\u00e9m no fundo social , desenvolvimento econ\u00f4mico, tivemos v\u00e1rios cursos de capacita\u00e7\u00e3o, tamb\u00e9m uma a\u00e7\u00e3o permanente que planejou a\u00e7\u00f5es para o ano inteiro para as mulheres tenham a pr\u00f3pria renda, tenha a emancipa\u00e7\u00e3o social, para que as mulheres que sofrem viol\u00eancia dom\u00e9stica possam sair desse ambiente agressor porque sabemos que um dos motivos delas permanecerem nesse ambiente \u00e9\u00a0 depend\u00eancia financeira, e n\u00f3s queremos capacitar, empoderar nossas mulheres, para que conquistem essa independ\u00eancia\u201d, concluiu Clau Camargo.<\/p>\n<p>A promessa das autoridades \u00e9 da realiza\u00e7\u00e3o de amis eventos que fomentem o desenvolvimento econ\u00f4mico e social da popula\u00e7\u00e3o de Aruj\u00e1.<\/p>\n<p>O evento deste ultimo final de semana foi um verdadeiro sucesso e contou com a participa\u00e7\u00e3o de mais de 1000 mulheres, fortalecendo a participa\u00e7\u00e3o e o protagonismo feminino na cidade de Aruj\u00e1<\/p>\n<p>&nbsp;<\/p>\n<p>&nbsp;<\/p>\n","protected":false},"excerpt":{"rendered":"<p>O evento que recebeu diversas fam\u00edlias e com grande ades\u00e3o das mulheres de Aruj\u00e1, foi realizado no parque Cidade Natureza &nbsp; O encerramento do M\u00eas da Mulher em Aruj\u00e1 foi marcado pelo evento \u201cCuidando de Quem Cuida\u201d, promovido pela Procuradoria Especial da Mulher, em parceria com o Fundo Social de Solidariedade e a Delegacia de [&hellip;]<\/p>\n","protected":false},"author":1,"featured_media":23829,"comment_status":"open","ping_status":"open","sticky":false,"template":"","format":"standard","meta":{"footnotes":""},"categories":[4],"tags":[],"class_list":{"0":"post-23828","1":"post","2":"type-post","3":"status-publish","4":"format-standard","5":"has-post-thumbnail","7":"category-aruja"},"_links":{"self":[{"href":"https:\/\/jm-metropole.com.br\/site\/wp-json\/wp\/v2\/posts\/23828","targetHints":{"allow":["GET"]}}],"collection":[{"href":"https:\/\/jm-metropole.com.br\/site\/wp-json\/wp\/v2\/posts"}],"about":[{"href":"https:\/\/jm-metropole.com.br\/site\/wp-json\/wp\/v2\/types\/post"}],"author":[{"embeddable":true,"href":"https:\/\/jm-metropole.com.br\/site\/wp-json\/wp\/v2\/users\/1"}],"replies":[{"embeddable":true,"href":"https:\/\/jm-metropole.com.br\/site\/wp-json\/wp\/v2\/comments?post=23828"}],"version-history":[{"count":1,"href":"https:\/\/jm-metropole.com.br\/site\/wp-json\/wp\/v2\/posts\/23828\/revisions"}],"predecessor-version":[{"id":23830,"href":"https:\/\/jm-metropole.com.br\/site\/wp-json\/wp\/v2\/posts\/23828\/revisions\/23830"}],"wp:featuredmedia":[{"embeddable":true,"href":"https:\/\/jm-metropole.com.br\/site\/wp-json\/wp\/v2\/media\/23829"}],"wp:attachment":[{"href":"https:\/\/jm-metropole.com.br\/site\/wp-json\/wp\/v2\/media?parent=23828"}],"wp:term":[{"taxonomy":"category","embeddable":true,"href":"https:\/\/jm-metropole.com.br\/site\/wp-json\/wp\/v2\/categories?post=23828"},{"taxonomy":"post_tag","embeddable":true,"href":"https:\/\/jm-metropole.com.br\/site\/wp-json\/wp\/v2\/tags?post=23828"}],"curies":[{"name":"wp","href":"https:\/\/api.w.org\/{rel}","templated":true}]}}