{"id":23816,"date":"2025-03-31T14:23:55","date_gmt":"2025-03-31T17:23:55","guid":{"rendered":"https:\/\/jm-metropole.com.br\/site\/?p=23816"},"modified":"2025-03-31T14:23:55","modified_gmt":"2025-03-31T17:23:55","slug":"prefeitura-promove-feira-empreenda-afro-em-abril-no-adamastor","status":"publish","type":"post","link":"https:\/\/jm-metropole.com.br\/site\/prefeitura-promove-feira-empreenda-afro-em-abril-no-adamastor\/","title":{"rendered":"Prefeitura promove feira Empreenda Afro em abril no Adamastor"},"content":{"rendered":"<p>O Sal\u00e3o de Artes do Adamastor (avenida Monteiro Lobato, 734, Macedo) receber\u00e1 no dia 12 de abril (s\u00e1bado), das 8h \u00e0s 17h, o Empreenda Afro \u2013 um espa\u00e7o com expositores de produtos e servi\u00e7os oferecidos por empreendedores autodeclarados pretos e pardos. A a\u00e7\u00e3o da Prefeitura de Guarulhos visa a fortalecer afroempreendedores de Guarulhos, promover oportunidades, valorizar a economia criativa e estimular a economia local.<\/p>\n<p>A ideia \u00e9 reunir microempreendedores individuais (MEIs), microempresas (MEs), empresas de pequeno porte (EPPs) e empreendedores informais, impulsionar os neg\u00f3cios liderados por afroempreendedores do munic\u00edpio e desenvolver oportunidades.<\/p>\n<p>A iniciativa \u00e9 organizada pela Subsecretaria da Igualdade Racial, integrante da Secretaria de Direitos Humanos, em parceria com as pastas de Habita\u00e7\u00e3o e do Trabalho, e reflete o compromisso da Prefeitura de Guarulhos em estimular o desenvolvimento econ\u00f4mico, priorizando pol\u00edticas p\u00fablicas que ampliem o suporte a neg\u00f3cios que precisam de incentivo para crescer, gerar renda e se consolidar no mercado.<\/p>\n<p>\u201cApoiar os pequenos neg\u00f3cios n\u00e3o \u00e9 apenas uma forma de fortalecer a economia local, mas tamb\u00e9m um caminho para construir uma cidade mais inclusiva e diversa, onde oportunidades s\u00e3o democratizadas e o empreendedorismo negro recebe o reconhecimento e o suporte necess\u00e1rios\u201d, destaca o subsecret\u00e1rio da Igualdade Racial, Jorge Caniba Batista dos Santos.<\/p>\n<p>Impuls\u00e3o de neg\u00f3cios e do empreendedorismo<\/p>\n<p>Durante o evento, os participantes ter\u00e3o a chance de expor seus produtos e servi\u00e7os, expandindo suas redes de contato e criando novas oportunidades de neg\u00f3cios. Al\u00e9m disso, contar\u00e3o com um suporte essencial: as orienta\u00e7\u00f5es do Sebrae-SP e do Banco do Povo, que estar\u00e3o presentes para esclarecer d\u00favidas e oferecer caminhos para quem deseja impulsionar seu empreendimento.<\/p>\n<p>Destaque especial para a oferta de linha de cr\u00e9dito Empreenda Afro, ligada \u00e0 Secretaria do Trabalho, atrav\u00e9s do Banco do Povo, a qual busca apoiar afroempreendedores e facilitar o acesso a recursos financeiros, possibilitando investimentos essenciais para a sustentabilidade e o crescimento dos neg\u00f3cios.<\/p>\n<p>J\u00e1 o Banco do Povo \u00e9 uma iniciativa de microcr\u00e9dito produtivo criado para estimular pequenos empreendimentos formais ou informais. Com taxas de juros reduzidas e prazos flex\u00edveis de pagamento, o programa possibilita que empreendedores tenham acesso ao capital para ampliar estoques, reformar estabelecimentos e investir na melhoria de seus produtos e servi\u00e7os.<\/p>\n","protected":false},"excerpt":{"rendered":"<p>O Sal\u00e3o de Artes do Adamastor (avenida Monteiro Lobato, 734, Macedo) receber\u00e1 no dia 12 de abril (s\u00e1bado), das 8h \u00e0s 17h, o Empreenda Afro \u2013 um espa\u00e7o com expositores de produtos e servi\u00e7os oferecidos por empreendedores autodeclarados pretos e pardos. A a\u00e7\u00e3o da Prefeitura de Guarulhos visa a fortalecer afroempreendedores de Guarulhos, promover oportunidades, [&hellip;]<\/p>\n","protected":false},"author":1,"featured_media":23817,"comment_status":"open","ping_status":"open","sticky":false,"template":"","format":"standard","meta":{"footnotes":""},"categories":[3],"tags":[],"class_list":{"0":"post-23816","1":"post","2":"type-post","3":"status-publish","4":"format-standard","5":"has-post-thumbnail","7":"category-guarulhos"},"_links":{"self":[{"href":"https:\/\/jm-metropole.com.br\/site\/wp-json\/wp\/v2\/posts\/23816","targetHints":{"allow":["GET"]}}],"collection":[{"href":"https:\/\/jm-metropole.com.br\/site\/wp-json\/wp\/v2\/posts"}],"about":[{"href":"https:\/\/jm-metropole.com.br\/site\/wp-json\/wp\/v2\/types\/post"}],"author":[{"embeddable":true,"href":"https:\/\/jm-metropole.com.br\/site\/wp-json\/wp\/v2\/users\/1"}],"replies":[{"embeddable":true,"href":"https:\/\/jm-metropole.com.br\/site\/wp-json\/wp\/v2\/comments?post=23816"}],"version-history":[{"count":1,"href":"https:\/\/jm-metropole.com.br\/site\/wp-json\/wp\/v2\/posts\/23816\/revisions"}],"predecessor-version":[{"id":23818,"href":"https:\/\/jm-metropole.com.br\/site\/wp-json\/wp\/v2\/posts\/23816\/revisions\/23818"}],"wp:featuredmedia":[{"embeddable":true,"href":"https:\/\/jm-metropole.com.br\/site\/wp-json\/wp\/v2\/media\/23817"}],"wp:attachment":[{"href":"https:\/\/jm-metropole.com.br\/site\/wp-json\/wp\/v2\/media?parent=23816"}],"wp:term":[{"taxonomy":"category","embeddable":true,"href":"https:\/\/jm-metropole.com.br\/site\/wp-json\/wp\/v2\/categories?post=23816"},{"taxonomy":"post_tag","embeddable":true,"href":"https:\/\/jm-metropole.com.br\/site\/wp-json\/wp\/v2\/tags?post=23816"}],"curies":[{"name":"wp","href":"https:\/\/api.w.org\/{rel}","templated":true}]}}