{"id":23810,"date":"2025-03-31T13:54:39","date_gmt":"2025-03-31T16:54:39","guid":{"rendered":"https:\/\/jm-metropole.com.br\/site\/?p=23810"},"modified":"2025-03-31T13:54:39","modified_gmt":"2025-03-31T16:54:39","slug":"3o-festival-indigena-uniao-dos-povos-recebe-cacique-raoni-celia-xakriaba-txai-surui-e-daiara-tukano","status":"publish","type":"post","link":"https:\/\/jm-metropole.com.br\/site\/3o-festival-indigena-uniao-dos-povos-recebe-cacique-raoni-celia-xakriaba-txai-surui-e-daiara-tukano\/","title":{"rendered":"3\u00ba Festival Ind\u00edgena Uni\u00e3o dos Povos recebe Cacique Raoni, C\u00e9lia Xakriab\u00e1, Txai Suru\u00ed e Daiara Tukano"},"content":{"rendered":"<p>Evento contar\u00e1 com lideran\u00e7as de 15 povos de todo o pa\u00eds, em Aruj\u00e1 (SP),<br \/>\nno feriado prolongado de 1\u00ba de maio<br \/>\nDe 1\u00ba a 4 de maio acontece a 3\u00aa edi\u00e7\u00e3o do Fiup, o Festival Ind\u00edgena Uni\u00e3o dos<br \/>\nPovos, na Fazenda Arujabel, em Aruj\u00e1 (a 50 min. da capital). Durante quatro<br \/>\ndias de imers\u00e3o, ind\u00edgenas de 15 povos e o p\u00fablico n\u00e3o-ind\u00edgena ir\u00e3o conviver<br \/>\nde maneira imersiva, permitindo o interc\u00e2mbio e o aprendizado, assim como o<br \/>\nfortalecimento entre culturas vindas de todas as regi\u00f5es do Brasil.<br \/>\nDurante o evento ser\u00e3o realizadas apresenta\u00e7\u00f5es culturais revelando a riqueza<br \/>\nda m\u00fasica, das artes visuais, do cinema, da literatura e da culin\u00e1ria ind\u00edgenas,<br \/>\nal\u00e9m de rodas de conversas sobre temas que envolvem as tradi\u00e7\u00f5es culturais,<br \/>\nas medicinas ancestrais, a defesa dos territ\u00f3rios e a preserva\u00e7\u00e3o do meio<br \/>\nambiente.<br \/>\nPara abordar esses temas, o Fiup contar\u00e1 com presen\u00e7as como do cacique<br \/>\nRaoni, do povo kaiap\u00f3, da deputada estadual C\u00e9lia Xacriab\u00e1, dos ativistas Txai<br \/>\nSuru\u00ed e Tashka Yawanaw\u00e1, da artista pl\u00e1stica Daiara Tukano, do cineasta e<br \/>\nlideran\u00e7a espiritual Guarani Mbya Carlos Pap\u00e1, da educadora Cristine Taku\u00e1,<br \/>\ndo paj\u00e9 Ninawa Pai da Mata Huni Kuin, do cantor e violonista que representou<br \/>\no Brasil na ONU, Rasu Yawanaw\u00e1, entre outros (programa\u00e7\u00e3o completa<br \/>\nabaixo).<br \/>\nNa noite do s\u00e1bado (3) ser\u00e1 realizada uma grande cerim\u00f4nia com as medicinas<br \/>\nda floresta conduzida pelas lideran\u00e7as espirituais presentes no evento e uma<br \/>\nparcela dos participantes ap\u00f3s o processo de anamnese com psic\u00f3loga.<br \/>\nSobre o Fiup<br \/>\nLan\u00e7ado em 2021, o Festival Ind\u00edgena Uni\u00e3o dos Povos \u00e9 um ponto de<br \/>\nencontro para aqueles que buscam aprender, compartilhar e vivenciar a riqueza<br \/>\ncultural ind\u00edgena em quatro dias de imers\u00e3o. Combinando tradi\u00e7\u00f5es ancestrais<br \/>\ncom inova\u00e7\u00f5es tecnol\u00f3gicas, mostrando que o futuro realmente \u00e9 ancestral.<br \/>\nProporciona um espa\u00e7o \u00fanico que promove a troca de saberes e a valoriza\u00e7\u00e3o<br \/>\ndo conhecimento tradicional, a conscientiza\u00e7\u00e3o ambiental motivando pr\u00e1ticas e<br \/>\nideais inovadoras e sustent\u00e1veis fundamentais para a preserva\u00e7\u00e3o do nossobem viver.<br \/>\nO Fiup empodera os povos ind\u00edgenas, dando-lhes voz e protagonismo na<br \/>\nconstru\u00e7\u00e3o de suas pr\u00f3prias narrativas. Surgiu com o objetivo de criar um<br \/>\nespa\u00e7o de conviv\u00eancia e di\u00e1logo entre as diferentes culturas, fortalecendo seus<br \/>\nla\u00e7os e contribuindo para a constru\u00e7\u00e3o de uma sociedade mais justa e<br \/>\ninclusiva, que respeita a vida em todas as suas formas.<br \/>\nEm suas duas primeiras edi\u00e7\u00f5es, o Fiup reuniu mais de 20 povos e contou com<br \/>\na presen\u00e7a de lideran\u00e7as como S\u00f4nia Guajajara, Eric Terena, Davi Kopenawa<br \/>\nYanomami, que denunciou o sofrimento de seu povo com o garimpo 9 meses<br \/>\nantes da trag\u00e9dia ganhar visibilidade nacional, Daniel Munduruku, Julie Dorrico<br \/>\nMacuxi, Catarina Nimbopuru\u00e1 Tupi Guarani, Ikakuru Huni Kuin e Ol\u00edvio Jekup\u00e9,<br \/>\nal\u00e9m de autoridades em temas relacionados.<br \/>\nPROGRAMA\u00c7\u00c3O<br \/>\nQUINTA-FEIRA (1\/5)<br \/>\n16h \u00e0s 18h: 1\u00ba Painel: Corpo e Territ\u00f3rio: o protagonismo das mulheres<br \/>\nind\u00edgenas<br \/>\nC\u00e9lia Xakriab\u00e1<br \/>\nJulia Yawanawa<br \/>\nTxai Suru\u00ed<br \/>\nCristine Taku\u00e1 Maxacali<br \/>\nMedia\u00e7\u00e3o: Renata Sim\u00f5es<\/p>\n<p>Sexta-feira (02\/05)<br \/>\n7h30 &#8211; 9h30: caf\u00e9 da manh\u00e3<br \/>\n10h00 \u00e0s 12h: 2\u00ba painel &#8211; Avan\u00e7os Cient\u00edficos e Acessibilidade das plantas<br \/>\nnativas<br \/>\nLeo Artese<br \/>\nSimone Takua Guarani<br \/>\nNinawa Pai da Mata Huni Kuin<br \/>\nCaio Fran\u00e7a (deputado &#8211; autor da lei que inclui a cannabis medicinal no SUS)<br \/>\nMedia\u00e7\u00e3o: Glauber Loures de Assis<br \/>\nSexta 02-05 16h30- 18h30 3\u00ba painel &#8211; emerg\u00eancia clim\u00e1tica &#8211;<br \/>\nGuardi\u00f5es em defesa do futuro<br \/>\nCacique raoni metuktire kayap\u00f3<br \/>\nC\u00e9lia Xakriab\u00e1<br \/>\nCarlos Pap\u00e1 Guarani Mbya<br \/>\nNeidinha Suru\u00ed<br \/>\nMedia\u00e7\u00e3o: (a confirmar)<br \/>\nS\u00e1bado &#8211; 03\/05 15h -17h 4\u00ba explora\u00e7\u00e3o das tradi\u00e7\u00f5es ind\u00edgenas &#8211;<br \/>\napropria\u00e7\u00e3o cultural e uso da ayahuasca e jurema em contexto urbano Rasu Yawanawa<br \/>\nNinaw\u00e1 pai da mata huni kuin<br \/>\nMakairy Fulni \u00d4<br \/>\nDaiara Tukano<br \/>\nMediadora: Caroline Apple &#8211; jornalista<br \/>\nDomingo 14h00 -16h00 a floresta em p\u00e9 \u00e9 o melhor neg\u00f3cio &#8211;<br \/>\nEconomia sustent\u00e1vel dos povos nativos<br \/>\n(empresas parceiras de comunidades e empreendedorismo social)<br \/>\nMayawari Mehinako (Instituto Xepi)<br \/>\nTashka Yawanawa (Ascy &#8211; Associa\u00e7\u00e3o Sociocultural Yawanawa)<br \/>\nWagner Carvalho (W-Energy)<br \/>\nPatr\u00edcia Ellen (Instituto Aya)<br \/>\n3\u00ba FESTIVAL IND\u00cdGENA UNI\u00c3O DOS POVOS<br \/>\nDe 1\u00ba a 4 de maio, em Aruj\u00e1<br \/>\nIngressos: de R$ 840 a R$ 1.700<br \/>\nCerim\u00f4nia (cobrada \u00e0 parte): R$ 250<br \/>\nfiup.pagtickets.com.br\/festival-indigena-uniao-dos-povos-fiup-2025__12679\/<br \/>\nFazenda Arujabel: Estrada Esmera Maria Rodrigues, 1600 &#8211; Bairro do Corr\u00eaa\/ Aruj\u00e1 &#8211; CEP: 07400-990<\/p>\n<p>(11) 97563-1643<br \/>\n(13) 99632-7957<br \/>\n(11) 91528-5094<br \/>\ncontato@fiup.com.br<\/p>\n","protected":false},"excerpt":{"rendered":"<p>Evento contar\u00e1 com lideran\u00e7as de 15 povos de todo o pa\u00eds, em Aruj\u00e1 (SP), no feriado prolongado de 1\u00ba de maio De 1\u00ba a 4 de maio acontece a 3\u00aa edi\u00e7\u00e3o do Fiup, o Festival Ind\u00edgena Uni\u00e3o dos Povos, na Fazenda Arujabel, em Aruj\u00e1 (a 50 min. da capital). Durante quatro dias de imers\u00e3o, ind\u00edgenas [&hellip;]<\/p>\n","protected":false},"author":1,"featured_media":23811,"comment_status":"open","ping_status":"open","sticky":false,"template":"","format":"standard","meta":{"footnotes":""},"categories":[4],"tags":[],"class_list":{"0":"post-23810","1":"post","2":"type-post","3":"status-publish","4":"format-standard","5":"has-post-thumbnail","7":"category-aruja"},"_links":{"self":[{"href":"https:\/\/jm-metropole.com.br\/site\/wp-json\/wp\/v2\/posts\/23810","targetHints":{"allow":["GET"]}}],"collection":[{"href":"https:\/\/jm-metropole.com.br\/site\/wp-json\/wp\/v2\/posts"}],"about":[{"href":"https:\/\/jm-metropole.com.br\/site\/wp-json\/wp\/v2\/types\/post"}],"author":[{"embeddable":true,"href":"https:\/\/jm-metropole.com.br\/site\/wp-json\/wp\/v2\/users\/1"}],"replies":[{"embeddable":true,"href":"https:\/\/jm-metropole.com.br\/site\/wp-json\/wp\/v2\/comments?post=23810"}],"version-history":[{"count":1,"href":"https:\/\/jm-metropole.com.br\/site\/wp-json\/wp\/v2\/posts\/23810\/revisions"}],"predecessor-version":[{"id":23812,"href":"https:\/\/jm-metropole.com.br\/site\/wp-json\/wp\/v2\/posts\/23810\/revisions\/23812"}],"wp:featuredmedia":[{"embeddable":true,"href":"https:\/\/jm-metropole.com.br\/site\/wp-json\/wp\/v2\/media\/23811"}],"wp:attachment":[{"href":"https:\/\/jm-metropole.com.br\/site\/wp-json\/wp\/v2\/media?parent=23810"}],"wp:term":[{"taxonomy":"category","embeddable":true,"href":"https:\/\/jm-metropole.com.br\/site\/wp-json\/wp\/v2\/categories?post=23810"},{"taxonomy":"post_tag","embeddable":true,"href":"https:\/\/jm-metropole.com.br\/site\/wp-json\/wp\/v2\/tags?post=23810"}],"curies":[{"name":"wp","href":"https:\/\/api.w.org\/{rel}","templated":true}]}}