{"id":23807,"date":"2025-03-31T13:35:05","date_gmt":"2025-03-31T16:35:05","guid":{"rendered":"https:\/\/jm-metropole.com.br\/site\/?p=23807"},"modified":"2025-03-31T13:35:05","modified_gmt":"2025-03-31T16:35:05","slug":"presidente-da-alesp-participa-do-leilao-para-modernizacao-das-linhas-de-trem-do-alto-tiete","status":"publish","type":"post","link":"https:\/\/jm-metropole.com.br\/site\/presidente-da-alesp-participa-do-leilao-para-modernizacao-das-linhas-de-trem-do-alto-tiete\/","title":{"rendered":"Presidente da Alesp participa do leil\u00e3o para moderniza\u00e7\u00e3o das linhas de trem do Alto Tiet\u00ea"},"content":{"rendered":"<p>Para o deputado Andr\u00e9 do Prado, este \u00e9 o maior investimento em transporte p\u00fablico da hist\u00f3ria da regi\u00e3o.<\/p>\n<p>O presidente da Assembleia Legislativa de S\u00e3o Paulo, deputado Andr\u00e9 do Prado, acompanhou, na sede da B3, o leil\u00e3o de concess\u00e3o do Lote Alto Tiet\u00ea, que abrange as linhas 11-Coral, 12-Safira e 13-Jade da CPTM. O evento contou com a presen\u00e7a do governador Tarc\u00edsio de Freitas, do prefeito de S\u00e3o Paulo, Ricardo Nunes, do secret\u00e1rio estadual de Parcerias e Investimentos, Rafael Benini, al\u00e9m de outras autoridades.<\/p>\n<p>O grupo Comporte venceu o leil\u00e3o ao oferecer o maior desconto pela concess\u00e3o, que ter\u00e1 dura\u00e7\u00e3o de 25 anos. Para o deputado Andr\u00e9 do Prado, a mobilidade urbana \u00e9 um dos principais desafios das grandes cidades, impactando diretamente a qualidade de vida da popula\u00e7\u00e3o e o crescimento econ\u00f4mico regional. Nesse contexto, a concess\u00e3o das linhas do Alto Tiet\u00ea representa um avan\u00e7o significativo para a regi\u00e3o.<\/p>\n<p>&#8220;Essa Parceria P\u00fablico-Privada (PPP) tem como objetivo ampliar a oferta de um transporte p\u00fablico mais eficiente e acess\u00edvel, reduzindo o tempo de deslocamento e proporcionando mais conforto e qualidade no servi\u00e7o prestado aos passageiros&#8221;, explicou o presidente da Alesp.<\/p>\n<p>Durante o per\u00edodo da concess\u00e3o, ser\u00e3o investidos R$ 14,3 bilh\u00f5es na constru\u00e7\u00e3o de novas esta\u00e7\u00f5es, moderniza\u00e7\u00e3o e reconstru\u00e7\u00e3o das existentes, al\u00e9m de melhorias na infraestrutura ferrovi\u00e1ria.<\/p>\n<p>\u201cEstamos falando de um transporte mais \u00e1gil, seguro e acess\u00edvel para as pessoas que vivem na Zona Leste, no Alto Tiet\u00ea e em Guarulhos. Um servi\u00e7o mais eficiente, que permitir\u00e1 a milhares de trabalhadores, estudantes e fam\u00edlias chegarem aos seus destinos com mais tranquilidade\u201d, destacou o deputado.<\/p>\n<p>O governador Tarc\u00edsio de Freitas ressaltou que a PPP n\u00e3o \u00e9 apenas um modelo de gest\u00e3o, mas um compromisso com o futuro da regi\u00e3o. \u201c\u00c9 um passo essencial para oferecer um transporte p\u00fablico moderno, eficiente e alinhado com as necessidades da popula\u00e7\u00e3o\u201d, afirmou.<\/p>\n<p>O projeto prev\u00ea a constru\u00e7\u00e3o de oito novas esta\u00e7\u00f5es, a reforma de 24 e a reconstru\u00e7\u00e3o completa de outras quatro, al\u00e9m da amplia\u00e7\u00e3o de mais de 25 km de trilhos. A Linha 11-Coral ser\u00e1 estendida at\u00e9 a Esta\u00e7\u00e3o C\u00e9sar de Souza, com quatro novas paradas. A Linha 12-Safira chegar\u00e1 a Suzano, aumentando as conex\u00f5es e gerando novas oportunidades de emprego. J\u00e1 a Linha 13-Jade ser\u00e1 ampliada at\u00e9 Gabriela Mistral e Bonsucesso, em Guarulhos, atendendo a uma demanda antiga da popula\u00e7\u00e3o.<\/p>\n","protected":false},"excerpt":{"rendered":"<p>Para o deputado Andr\u00e9 do Prado, este \u00e9 o maior investimento em transporte p\u00fablico da hist\u00f3ria da regi\u00e3o. O presidente da Assembleia Legislativa de S\u00e3o Paulo, deputado Andr\u00e9 do Prado, acompanhou, na sede da B3, o leil\u00e3o de concess\u00e3o do Lote Alto Tiet\u00ea, que abrange as linhas 11-Coral, 12-Safira e 13-Jade da CPTM. O evento [&hellip;]<\/p>\n","protected":false},"author":1,"featured_media":23808,"comment_status":"open","ping_status":"open","sticky":false,"template":"","format":"standard","meta":{"footnotes":""},"categories":[48],"tags":[],"class_list":{"0":"post-23807","1":"post","2":"type-post","3":"status-publish","4":"format-standard","5":"has-post-thumbnail","7":"category-geral"},"_links":{"self":[{"href":"https:\/\/jm-metropole.com.br\/site\/wp-json\/wp\/v2\/posts\/23807","targetHints":{"allow":["GET"]}}],"collection":[{"href":"https:\/\/jm-metropole.com.br\/site\/wp-json\/wp\/v2\/posts"}],"about":[{"href":"https:\/\/jm-metropole.com.br\/site\/wp-json\/wp\/v2\/types\/post"}],"author":[{"embeddable":true,"href":"https:\/\/jm-metropole.com.br\/site\/wp-json\/wp\/v2\/users\/1"}],"replies":[{"embeddable":true,"href":"https:\/\/jm-metropole.com.br\/site\/wp-json\/wp\/v2\/comments?post=23807"}],"version-history":[{"count":1,"href":"https:\/\/jm-metropole.com.br\/site\/wp-json\/wp\/v2\/posts\/23807\/revisions"}],"predecessor-version":[{"id":23809,"href":"https:\/\/jm-metropole.com.br\/site\/wp-json\/wp\/v2\/posts\/23807\/revisions\/23809"}],"wp:featuredmedia":[{"embeddable":true,"href":"https:\/\/jm-metropole.com.br\/site\/wp-json\/wp\/v2\/media\/23808"}],"wp:attachment":[{"href":"https:\/\/jm-metropole.com.br\/site\/wp-json\/wp\/v2\/media?parent=23807"}],"wp:term":[{"taxonomy":"category","embeddable":true,"href":"https:\/\/jm-metropole.com.br\/site\/wp-json\/wp\/v2\/categories?post=23807"},{"taxonomy":"post_tag","embeddable":true,"href":"https:\/\/jm-metropole.com.br\/site\/wp-json\/wp\/v2\/tags?post=23807"}],"curies":[{"name":"wp","href":"https:\/\/api.w.org\/{rel}","templated":true}]}}