{"id":23786,"date":"2025-03-28T17:19:00","date_gmt":"2025-03-28T20:19:00","guid":{"rendered":"https:\/\/jm-metropole.com.br\/site\/?p=23786"},"modified":"2025-03-28T17:19:00","modified_gmt":"2025-03-28T20:19:00","slug":"gcm-prende-homem-e-apreende-adolescente-logo-apos-furto-em-comercio-no-centro","status":"publish","type":"post","link":"https:\/\/jm-metropole.com.br\/site\/gcm-prende-homem-e-apreende-adolescente-logo-apos-furto-em-comercio-no-centro\/","title":{"rendered":"GCM prende homem e apreende adolescente logo ap\u00f3s furto em com\u00e9rcio no Centro"},"content":{"rendered":"<p>Guarda Civil Municipal (GCM) de Guarulhos prendeu um homem e apreendeu um adolescente logo ap\u00f3s a dupla praticar furto na manh\u00e3 desta sexta-feira (28) em um estabelecimento comercial na avenida Paulo Faccini, no Centro.<\/p>\n<p>Os agentes foram solicitados por funcion\u00e1rios de uma farm\u00e1cia durante patrulhamento preventivo na regi\u00e3o. Os acusados eram recorrentes nas pr\u00e1ticas criminosas, conforme imagens do circuito interno de videomonitoramento. Com as caracter\u00edsticas, equipes das inspetorias Centro e Parques fizeram uma varredura na regi\u00e3o e detiveram os acusados no bairro Macedo ainda com os produtos furtados, sendo os autores e os produtos reconhecidos pelos funcion\u00e1rios do com\u00e9rcio.<\/p>\n<p>A equipe da Inspetoria Parques apresentou a ocorr\u00eancia no 1\u00b0 Distrito Policial, onde compareceu inclusive as testemunhas. Imagens dos furtos anteriores praticados pelos mesmos autores tamb\u00e9m foram apresentadas \u00e0 autoridade de plant\u00e3o, que acionou pessoa respons\u00e1vel pelo adolescente.<\/p>\n<p>O homem foi preso por furto qualificado e corrup\u00e7\u00e3o de menor. O adolescente foi apreendido por ato infracional an\u00e1logo ao crime de furto e encaminhado ao juiz da Inf\u00e2ncia e da Juventude, com compet\u00eancia para julgar atos infracionais.<\/p>\n","protected":false},"excerpt":{"rendered":"<p>Guarda Civil Municipal (GCM) de Guarulhos prendeu um homem e apreendeu um adolescente logo ap\u00f3s a dupla praticar furto na manh\u00e3 desta sexta-feira (28) em um estabelecimento comercial na avenida Paulo Faccini, no Centro. Os agentes foram solicitados por funcion\u00e1rios de uma farm\u00e1cia durante patrulhamento preventivo na regi\u00e3o. Os acusados eram recorrentes nas pr\u00e1ticas criminosas, [&hellip;]<\/p>\n","protected":false},"author":1,"featured_media":23787,"comment_status":"open","ping_status":"open","sticky":false,"template":"","format":"standard","meta":{"footnotes":""},"categories":[3],"tags":[],"class_list":{"0":"post-23786","1":"post","2":"type-post","3":"status-publish","4":"format-standard","5":"has-post-thumbnail","7":"category-guarulhos"},"_links":{"self":[{"href":"https:\/\/jm-metropole.com.br\/site\/wp-json\/wp\/v2\/posts\/23786","targetHints":{"allow":["GET"]}}],"collection":[{"href":"https:\/\/jm-metropole.com.br\/site\/wp-json\/wp\/v2\/posts"}],"about":[{"href":"https:\/\/jm-metropole.com.br\/site\/wp-json\/wp\/v2\/types\/post"}],"author":[{"embeddable":true,"href":"https:\/\/jm-metropole.com.br\/site\/wp-json\/wp\/v2\/users\/1"}],"replies":[{"embeddable":true,"href":"https:\/\/jm-metropole.com.br\/site\/wp-json\/wp\/v2\/comments?post=23786"}],"version-history":[{"count":1,"href":"https:\/\/jm-metropole.com.br\/site\/wp-json\/wp\/v2\/posts\/23786\/revisions"}],"predecessor-version":[{"id":23788,"href":"https:\/\/jm-metropole.com.br\/site\/wp-json\/wp\/v2\/posts\/23786\/revisions\/23788"}],"wp:featuredmedia":[{"embeddable":true,"href":"https:\/\/jm-metropole.com.br\/site\/wp-json\/wp\/v2\/media\/23787"}],"wp:attachment":[{"href":"https:\/\/jm-metropole.com.br\/site\/wp-json\/wp\/v2\/media?parent=23786"}],"wp:term":[{"taxonomy":"category","embeddable":true,"href":"https:\/\/jm-metropole.com.br\/site\/wp-json\/wp\/v2\/categories?post=23786"},{"taxonomy":"post_tag","embeddable":true,"href":"https:\/\/jm-metropole.com.br\/site\/wp-json\/wp\/v2\/tags?post=23786"}],"curies":[{"name":"wp","href":"https:\/\/api.w.org\/{rel}","templated":true}]}}