{"id":23777,"date":"2025-03-28T17:07:51","date_gmt":"2025-03-28T20:07:51","guid":{"rendered":"https:\/\/jm-metropole.com.br\/site\/?p=23777"},"modified":"2025-03-28T17:07:51","modified_gmt":"2025-03-28T20:07:51","slug":"itaqua-assina-ordem-de-servico-para-obras-de-infraestrutura-no-jardim-canaa","status":"publish","type":"post","link":"https:\/\/jm-metropole.com.br\/site\/itaqua-assina-ordem-de-servico-para-obras-de-infraestrutura-no-jardim-canaa\/","title":{"rendered":"Itaqu\u00e1 assina ordem de servi\u00e7o para obras de infraestrutura no Jardim Cana\u00e3"},"content":{"rendered":"<p>Nove ruas do bairro ser\u00e3o contempladas<\/p>\n<p>A Secretaria de Obras de Itaquaquecetuba lan\u00e7ou, na quarta-feira (26), a ordem de servi\u00e7o para obras de pavimenta\u00e7\u00e3o no Jardim Cana\u00e3. Com investimento de R$ 5,4 milh\u00f5es, ser\u00e3o contempladas nove ruas para proporcionar mais qualidade de vida aos moradores. A previs\u00e3o \u00e9 de que os servi\u00e7os sejam conclu\u00eddos em at\u00e9 dez meses.<\/p>\n<p>As vias beneficiadas s\u00e3o as ruas Jord\u00e3o, Minas Rios, S\u00e3o Luiz, Jo\u00e3o Aranha, Soraia Maria Brito, Cl\u00e1udio Albuquerque, Ad\u00e9lia Martins, Nova Jerusal\u00e9m e o acesso \u00e0 Nova Jerusal\u00e9m. Os trabalhos incluem microdrenagem, constru\u00e7\u00e3o de guias e sarjetas, instala\u00e7\u00e3o de tubula\u00e7\u00e3o para capta\u00e7\u00e3o de \u00e1guas pluviais, constru\u00e7\u00e3o da base para sustenta\u00e7\u00e3o do asfalto e por \u00faltimo ser\u00e1 realizada a pavimenta\u00e7\u00e3o.<\/p>\n<p>O secret\u00e1rio de Obras, Rodrigo Nascimento, destacou a import\u00e2ncia do investimento. \u201cEssa pavimenta\u00e7\u00e3o vai proporcionar uma transforma\u00e7\u00e3o no bairro e \u00e9 um legado que estamos deixando para a cidade. Itaqu\u00e1 est\u00e1 sendo reconstru\u00edda e temos muitas novidades pela frente\u201d, afirmou.<\/p>\n<p>A cerim\u00f4nia de assinatura da ordem de servi\u00e7o contou com a presen\u00e7a do prefeito Eduardo Boigues, vereadores e secret\u00e1rios, al\u00e9m de moradores da regi\u00e3o e do deputado estadual Tom\u00e9 Abduch, que destinou R$ 5 milh\u00f5es para a obra, sendo os outros R$ 411 mil contrapartida da prefeitura.<\/p>\n<p>\u201c\u00c9 com muita alegria que anunciamos essa obra importante para o Cana\u00e3. Nossa gest\u00e3o est\u00e1 comprometida em promover qualidade de vida para a popula\u00e7\u00e3o, especialmente em bairros mais afastados da regi\u00e3o central\u201d, acrescentou o secret\u00e1rio de Governo, Marcello Barbosa.<\/p>\n<p>\u201cA avenida Cana\u00e3 j\u00e1 foi pavimentada e vamos continuar lutando pela cidade. Em breve todos poder\u00e3o apreciar o novo Jardim Cana\u00e3\u201d, finalizou o prefeito Eduardo Boigues.<\/p>\n<p>Fotos: Eduardo Borges (drone) e Matheus Cruz (ordem de servi\u00e7o)<\/p>\n","protected":false},"excerpt":{"rendered":"<p>Nove ruas do bairro ser\u00e3o contempladas A Secretaria de Obras de Itaquaquecetuba lan\u00e7ou, na quarta-feira (26), a ordem de servi\u00e7o para obras de pavimenta\u00e7\u00e3o no Jardim Cana\u00e3. Com investimento de R$ 5,4 milh\u00f5es, ser\u00e3o contempladas nove ruas para proporcionar mais qualidade de vida aos moradores. A previs\u00e3o \u00e9 de que os servi\u00e7os sejam conclu\u00eddos em [&hellip;]<\/p>\n","protected":false},"author":1,"featured_media":23778,"comment_status":"open","ping_status":"open","sticky":false,"template":"","format":"standard","meta":{"footnotes":""},"categories":[6],"tags":[],"class_list":{"0":"post-23777","1":"post","2":"type-post","3":"status-publish","4":"format-standard","5":"has-post-thumbnail","7":"category-itaqua"},"_links":{"self":[{"href":"https:\/\/jm-metropole.com.br\/site\/wp-json\/wp\/v2\/posts\/23777","targetHints":{"allow":["GET"]}}],"collection":[{"href":"https:\/\/jm-metropole.com.br\/site\/wp-json\/wp\/v2\/posts"}],"about":[{"href":"https:\/\/jm-metropole.com.br\/site\/wp-json\/wp\/v2\/types\/post"}],"author":[{"embeddable":true,"href":"https:\/\/jm-metropole.com.br\/site\/wp-json\/wp\/v2\/users\/1"}],"replies":[{"embeddable":true,"href":"https:\/\/jm-metropole.com.br\/site\/wp-json\/wp\/v2\/comments?post=23777"}],"version-history":[{"count":1,"href":"https:\/\/jm-metropole.com.br\/site\/wp-json\/wp\/v2\/posts\/23777\/revisions"}],"predecessor-version":[{"id":23779,"href":"https:\/\/jm-metropole.com.br\/site\/wp-json\/wp\/v2\/posts\/23777\/revisions\/23779"}],"wp:featuredmedia":[{"embeddable":true,"href":"https:\/\/jm-metropole.com.br\/site\/wp-json\/wp\/v2\/media\/23778"}],"wp:attachment":[{"href":"https:\/\/jm-metropole.com.br\/site\/wp-json\/wp\/v2\/media?parent=23777"}],"wp:term":[{"taxonomy":"category","embeddable":true,"href":"https:\/\/jm-metropole.com.br\/site\/wp-json\/wp\/v2\/categories?post=23777"},{"taxonomy":"post_tag","embeddable":true,"href":"https:\/\/jm-metropole.com.br\/site\/wp-json\/wp\/v2\/tags?post=23777"}],"curies":[{"name":"wp","href":"https:\/\/api.w.org\/{rel}","templated":true}]}}