{"id":23771,"date":"2025-03-28T17:03:18","date_gmt":"2025-03-28T20:03:18","guid":{"rendered":"https:\/\/jm-metropole.com.br\/site\/?p=23771"},"modified":"2025-03-28T17:03:18","modified_gmt":"2025-03-28T20:03:18","slug":"ronda-de-protecao-a-mulher-de-itaqua-prende-homem-em-flagrante-por-estupro-de-vulneravel","status":"publish","type":"post","link":"https:\/\/jm-metropole.com.br\/site\/ronda-de-protecao-a-mulher-de-itaqua-prende-homem-em-flagrante-por-estupro-de-vulneravel\/","title":{"rendered":"Ronda de Prote\u00e7\u00e3o \u00e0 Mulher de Itaqu\u00e1 prende homem em flagrante por estupro de vulner\u00e1vel"},"content":{"rendered":"<p>No mesmo dia, outro indiv\u00edduo foi detido por descumprimento de medida protetiva<\/p>\n<p>A Ronda de Prote\u00e7\u00e3o \u00e0 Mulher da Guarda Civil Municipal (GCM) de Itaquaquecetuba prendeu em flagrante, na quarta-feira (26), um homem de 22 anos por estupro de vulner\u00e1vel contra uma menor de 13 anos que estava desaparecida.<\/p>\n<p>A m\u00e3e acionou o Conselho Tutelar de Itaqu\u00e1 depois que a adolescente entrou em contato pedindo dinheiro via Pix. Ap\u00f3s a transfer\u00eancia, os conselheiros conseguiram localizar o endere\u00e7o em que a menina, que depende de medicamentos controlados, estava sendo mantida no munic\u00edpio de Santo Andr\u00e9.<\/p>\n<p>&#8220;As mulheres de Itaqu\u00e1 podem contar com o nosso apoio e prote\u00e7\u00e3o, seja por meio da Ronda de Prote\u00e7\u00e3o \u00e0 Mulher ou pelos servi\u00e7os de acolhimento e suporte que oferecemos na Casa da Mulher. N\u00e3o se sintam constrangidas, denunciem seus agressores. Esse crime n\u00e3o pode prevalecer&#8221;, destacou a secret\u00e1ria da Mulher, Direitos Humanos e Cidadania, Hadla Issa.<\/p>\n<p>Os agentes tamb\u00e9m prenderam em flagrante um homem de 42 anos por descumprimento de medida protetiva ap\u00f3s agredir e fazer amea\u00e7as \u00e0 pr\u00f3pria m\u00e3e. As ocorr\u00eancias foram registradas na Delegacia Central, onde os dois indiv\u00edduos ficaram \u00e0 disposi\u00e7\u00e3o da Justi\u00e7a.<\/p>\n<p>&#8220;Atuamos de forma r\u00e1pida e eficaz. O resultado \u00e9 a pris\u00e3o de mais dois criminosos que tentaram passar despercebidos. Estamos preparados para garantir a seguran\u00e7a da popula\u00e7\u00e3o. Itaqu\u00e1 tem lei e tem efetivo nas ruas&#8221;, completou o prefeito Eduardo Boigues.<\/p>\n<p>Den\u00fancias podem ser feitas pela Central de Atendimento \u00e0 Mulher (180), Pol\u00edcia Militar (190), Guarda Civil Municipal (153), Secretaria da Mulher (4753-5291) e na Delegacia de Defesa da Mulher (rua Jo\u00e3o Barbosa de Moraes, 448 \u2013 Vila Zeferina).<\/p>\n","protected":false},"excerpt":{"rendered":"<p>No mesmo dia, outro indiv\u00edduo foi detido por descumprimento de medida protetiva A Ronda de Prote\u00e7\u00e3o \u00e0 Mulher da Guarda Civil Municipal (GCM) de Itaquaquecetuba prendeu em flagrante, na quarta-feira (26), um homem de 22 anos por estupro de vulner\u00e1vel contra uma menor de 13 anos que estava desaparecida. A m\u00e3e acionou o Conselho Tutelar [&hellip;]<\/p>\n","protected":false},"author":1,"featured_media":23772,"comment_status":"open","ping_status":"open","sticky":false,"template":"","format":"standard","meta":{"footnotes":""},"categories":[6],"tags":[],"class_list":{"0":"post-23771","1":"post","2":"type-post","3":"status-publish","4":"format-standard","5":"has-post-thumbnail","7":"category-itaqua"},"_links":{"self":[{"href":"https:\/\/jm-metropole.com.br\/site\/wp-json\/wp\/v2\/posts\/23771","targetHints":{"allow":["GET"]}}],"collection":[{"href":"https:\/\/jm-metropole.com.br\/site\/wp-json\/wp\/v2\/posts"}],"about":[{"href":"https:\/\/jm-metropole.com.br\/site\/wp-json\/wp\/v2\/types\/post"}],"author":[{"embeddable":true,"href":"https:\/\/jm-metropole.com.br\/site\/wp-json\/wp\/v2\/users\/1"}],"replies":[{"embeddable":true,"href":"https:\/\/jm-metropole.com.br\/site\/wp-json\/wp\/v2\/comments?post=23771"}],"version-history":[{"count":1,"href":"https:\/\/jm-metropole.com.br\/site\/wp-json\/wp\/v2\/posts\/23771\/revisions"}],"predecessor-version":[{"id":23773,"href":"https:\/\/jm-metropole.com.br\/site\/wp-json\/wp\/v2\/posts\/23771\/revisions\/23773"}],"wp:featuredmedia":[{"embeddable":true,"href":"https:\/\/jm-metropole.com.br\/site\/wp-json\/wp\/v2\/media\/23772"}],"wp:attachment":[{"href":"https:\/\/jm-metropole.com.br\/site\/wp-json\/wp\/v2\/media?parent=23771"}],"wp:term":[{"taxonomy":"category","embeddable":true,"href":"https:\/\/jm-metropole.com.br\/site\/wp-json\/wp\/v2\/categories?post=23771"},{"taxonomy":"post_tag","embeddable":true,"href":"https:\/\/jm-metropole.com.br\/site\/wp-json\/wp\/v2\/tags?post=23771"}],"curies":[{"name":"wp","href":"https:\/\/api.w.org\/{rel}","templated":true}]}}