{"id":23759,"date":"2025-03-27T13:46:11","date_gmt":"2025-03-27T16:46:11","guid":{"rendered":"https:\/\/jm-metropole.com.br\/site\/?p=23759"},"modified":"2025-03-27T13:46:11","modified_gmt":"2025-03-27T16:46:11","slug":"2a-edicao-do-workshop-de-capacitacao-tecnica-ambiental","status":"publish","type":"post","link":"https:\/\/jm-metropole.com.br\/site\/2a-edicao-do-workshop-de-capacitacao-tecnica-ambiental\/","title":{"rendered":"2\u00aa EDI\u00c7\u00c3O DO WORKSHOP DE CAPACITA\u00c7\u00c3O T\u00c9CNICA AMBIENTAL"},"content":{"rendered":"<p>A Prefeitura de Aruj\u00e1, por meio da Secretaria Municipal do Meio Ambiente, promove a 2\u00aa edi\u00e7\u00e3o do Workshop de Capacita\u00e7\u00e3o T\u00e9cnica Ambiental. O evento abordar\u00e1 temas essenciais sobre licenciamento ambiental, incluindo legisla\u00e7\u00e3o, licen\u00e7as, manifesta\u00e7\u00e3o ambiental e alvar\u00e1s.<\/p>\n<p>\ud83d\udcc5 Data: 03 de abril<br \/>\n\u23f0 Hor\u00e1rio: 8h \u00e0s 12h<br \/>\n\ud83d\udccd Local: Parque dos Ip\u00eas (R. Fenacita, 500 \u2013 Jd. Fazenda Rinc\u00e3o)<\/p>\n<p>Nesta edi\u00e7\u00e3o, haver\u00e1 a participa\u00e7\u00e3o especial do Sebrae, trazendo orienta\u00e7\u00f5es sobre empreendedorismo sustent\u00e1vel e pr\u00e1ticas de gest\u00e3o ambiental.<\/p>\n<p>\ud83d\udcbb Inscreva-se!<br \/>\nEscaneie o QR Code e clique na aba \u201cMeio Ambiente\u201d ou acesse:<br \/>\n\ud83d\udd17 https:\/\/www.prefeituradearuja.sp.gov.br\/projeto\/cursosGerais\/buscaEventos.php<\/p>\n<p>O evento conta com o apoio da AEAAR, CREA-SP e Sebrae. Participe e aprofunde seus conhecimentos sobre gest\u00e3o ambiental! \u267b\ufe0f<\/p>\n","protected":false},"excerpt":{"rendered":"<p>A Prefeitura de Aruj\u00e1, por meio da Secretaria Municipal do Meio Ambiente, promove a 2\u00aa edi\u00e7\u00e3o do Workshop de Capacita\u00e7\u00e3o T\u00e9cnica Ambiental. O evento abordar\u00e1 temas essenciais sobre licenciamento ambiental, incluindo legisla\u00e7\u00e3o, licen\u00e7as, manifesta\u00e7\u00e3o ambiental e alvar\u00e1s. \ud83d\udcc5 Data: 03 de abril \u23f0 Hor\u00e1rio: 8h \u00e0s 12h \ud83d\udccd Local: Parque dos Ip\u00eas (R. Fenacita, 500 [&hellip;]<\/p>\n","protected":false},"author":1,"featured_media":23760,"comment_status":"open","ping_status":"open","sticky":false,"template":"","format":"standard","meta":{"footnotes":""},"categories":[4],"tags":[],"class_list":{"0":"post-23759","1":"post","2":"type-post","3":"status-publish","4":"format-standard","5":"has-post-thumbnail","7":"category-aruja"},"_links":{"self":[{"href":"https:\/\/jm-metropole.com.br\/site\/wp-json\/wp\/v2\/posts\/23759","targetHints":{"allow":["GET"]}}],"collection":[{"href":"https:\/\/jm-metropole.com.br\/site\/wp-json\/wp\/v2\/posts"}],"about":[{"href":"https:\/\/jm-metropole.com.br\/site\/wp-json\/wp\/v2\/types\/post"}],"author":[{"embeddable":true,"href":"https:\/\/jm-metropole.com.br\/site\/wp-json\/wp\/v2\/users\/1"}],"replies":[{"embeddable":true,"href":"https:\/\/jm-metropole.com.br\/site\/wp-json\/wp\/v2\/comments?post=23759"}],"version-history":[{"count":1,"href":"https:\/\/jm-metropole.com.br\/site\/wp-json\/wp\/v2\/posts\/23759\/revisions"}],"predecessor-version":[{"id":23761,"href":"https:\/\/jm-metropole.com.br\/site\/wp-json\/wp\/v2\/posts\/23759\/revisions\/23761"}],"wp:featuredmedia":[{"embeddable":true,"href":"https:\/\/jm-metropole.com.br\/site\/wp-json\/wp\/v2\/media\/23760"}],"wp:attachment":[{"href":"https:\/\/jm-metropole.com.br\/site\/wp-json\/wp\/v2\/media?parent=23759"}],"wp:term":[{"taxonomy":"category","embeddable":true,"href":"https:\/\/jm-metropole.com.br\/site\/wp-json\/wp\/v2\/categories?post=23759"},{"taxonomy":"post_tag","embeddable":true,"href":"https:\/\/jm-metropole.com.br\/site\/wp-json\/wp\/v2\/tags?post=23759"}],"curies":[{"name":"wp","href":"https:\/\/api.w.org\/{rel}","templated":true}]}}