{"id":23756,"date":"2025-03-27T13:45:17","date_gmt":"2025-03-27T16:45:17","guid":{"rendered":"https:\/\/jm-metropole.com.br\/site\/?p=23756"},"modified":"2025-03-27T13:45:17","modified_gmt":"2025-03-27T16:45:17","slug":"santa-isabel-reeleito-chinchilla-mantem-cidade-estagnada-e-afunda-orcamento-municipal","status":"publish","type":"post","link":"https:\/\/jm-metropole.com.br\/site\/santa-isabel-reeleito-chinchilla-mantem-cidade-estagnada-e-afunda-orcamento-municipal\/","title":{"rendered":"Santa Isabel: Reeleito, Chinchilla mant\u00e9m cidade estagnada e afunda or\u00e7amento municipal"},"content":{"rendered":"<p>Ap\u00f3s quatro anos de uma gest\u00e3o marcada por promessas n\u00e3o cumpridas e um munic\u00edpio parado no tempo, o prefeito Carlos Augusto Chinchilla Alfonzo foi reeleito. A decis\u00e3o popular, no entanto, n\u00e3o reflete satisfa\u00e7\u00e3o com a administra\u00e7\u00e3o municipal, mas sim um cen\u00e1rio pol\u00edtico em que a oposi\u00e7\u00e3o n\u00e3o conseguiu convencer a maioria dos eleitores de que havia um caminho melhor. Agora, Santa Isabel enfrenta mais quatro anos de incertezas, problemas estruturais e uma crescente insatisfa\u00e7\u00e3o popular.<\/p>\n<p>A falta de crescimento econ\u00f4mico e gera\u00e7\u00e3o de empregos para os jovens isabelenses continua sendo um dos principais desafios. A cidade n\u00e3o apresenta novos investimentos, e muitos moradores precisam buscar trabalho em S\u00e3o Paulo ou at\u00e9 mesmo abandonar o munic\u00edpio em busca de melhores condi\u00e7\u00f5es de vida. Enquanto isso, o centro da cidade recebeu apenas um retoque superficial antes da elei\u00e7\u00e3o, sem resolver problemas estruturais graves como a precariedade do asfalto nas ruas centrais e nos bairros.<\/p>\n<p>Mesmo sendo m\u00e9dico, Chinchilla n\u00e3o conseguiu melhorar a qualidade da sa\u00fade p\u00fablica. Segundo den\u00fancias do vereador Gl\u00f3ria, apresentadas no programa do jornalista Leandro, a atual administra\u00e7\u00e3o teria causado um rombo de R$ 6 milh\u00f5es no or\u00e7amento da sa\u00fade. A Unidade de Pronto Atendimento (UPA) infantil segue abandonada, sem previs\u00e3o de funcionamento, enquanto o Centro Educacional tamb\u00e9m permanece fechado, sem justificativas plaus\u00edveis para a paralisa\u00e7\u00e3o das obras.<\/p>\n<p>O transporte gratuito, que deveria ser um dos pontos positivos da gest\u00e3o, continua sendo alvo de reclama\u00e7\u00f5es di\u00e1rias. A falta de manuten\u00e7\u00e3o e a superlota\u00e7\u00e3o comprometem a qualidade do servi\u00e7o. Al\u00e9m disso, os bairros seguem sujos e tomados pelo mato, sem um plano efetivo de limpeza e conserva\u00e7\u00e3o urbana. Ruas, pra\u00e7as e pontos de \u00f4nibus continuam \u00e0s escuras, gerando inseguran\u00e7a para os moradores, mesmo ap\u00f3s a Prefeitura investir na substitui\u00e7\u00e3o de algumas lumin\u00e1rias por LED.<\/p>\n<p>Professores foram dispensados sem explica\u00e7\u00e3o plaus\u00edvel, enquanto pais de alunos relatam que muitas crian\u00e7as ainda n\u00e3o receberam uniformes escolares, mesmo ap\u00f3s dois meses do in\u00edcio das aulas. O rec\u00e9m-inaugurado parque municipal j\u00e1 precisou ser fechado para reformas em menos de tr\u00eas meses de uso, evidenciando a falta de planejamento e qualidade nas obras p\u00fablicas.<\/p>\n<p>Como se n\u00e3o bastasse o cen\u00e1rio cr\u00edtico, Chinchilla decidiu aumentar em 28,26% a Contribui\u00e7\u00e3o de Ilumina\u00e7\u00e3o P\u00fablica (CIP), penalizando ainda mais a popula\u00e7\u00e3o que j\u00e1 enfrenta dificuldades econ\u00f4micas. O aumento chega enquanto diversos bairros permanecem no escuro, e a presta\u00e7\u00e3o de servi\u00e7os de ilumina\u00e7\u00e3o p\u00fablica \u00e9 constantemente questionada.<\/p>\n<p>Enquanto isso, cargos p\u00fablicos continuam sendo criados e distribu\u00eddos como moeda de troca pol\u00edtica, sem qualquer preocupa\u00e7\u00e3o com crit\u00e9rios t\u00e9cnicos. A recente decis\u00e3o do prefeito de transferir a assinatura dos cheques da Prefeitura para o vice-prefeito levanta ainda mais d\u00favidas sobre a transpar\u00eancia da administra\u00e7\u00e3o e sua real inten\u00e7\u00e3o na gest\u00e3o dos recursos p\u00fablicos.<\/p>\n<p>Com o novo mandato, Carlos Chinchilla ter\u00e1 a oportunidade de corrigir os erros de sua primeira gest\u00e3o. No entanto, se o hist\u00f3rico dos \u00faltimos quatro anos for um indicativo do que est\u00e1 por vir, a popula\u00e7\u00e3o de Santa Isabel pode ter que se preparar para mais um per\u00edodo de promessas n\u00e3o cumpridas, descaso administrativo e retrocesso. Em 2028, os eleitores ter\u00e3o novamente a chance de escolher o futuro da cidade, e resta saber se at\u00e9 l\u00e1 estar\u00e3o dispostos a mudar ou continuar\u00e3o aceitando a estagna\u00e7\u00e3o que se tornou a marca da atual administra\u00e7\u00e3o.<\/p>\n","protected":false},"excerpt":{"rendered":"<p>Ap\u00f3s quatro anos de uma gest\u00e3o marcada por promessas n\u00e3o cumpridas e um munic\u00edpio parado no tempo, o prefeito Carlos Augusto Chinchilla Alfonzo foi reeleito. A decis\u00e3o popular, no entanto, n\u00e3o reflete satisfa\u00e7\u00e3o com a administra\u00e7\u00e3o municipal, mas sim um cen\u00e1rio pol\u00edtico em que a oposi\u00e7\u00e3o n\u00e3o conseguiu convencer a maioria dos eleitores de que [&hellip;]<\/p>\n","protected":false},"author":1,"featured_media":23757,"comment_status":"open","ping_status":"open","sticky":false,"template":"","format":"standard","meta":{"footnotes":""},"categories":[5],"tags":[],"class_list":{"0":"post-23756","1":"post","2":"type-post","3":"status-publish","4":"format-standard","5":"has-post-thumbnail","7":"category-santa-isabel"},"_links":{"self":[{"href":"https:\/\/jm-metropole.com.br\/site\/wp-json\/wp\/v2\/posts\/23756","targetHints":{"allow":["GET"]}}],"collection":[{"href":"https:\/\/jm-metropole.com.br\/site\/wp-json\/wp\/v2\/posts"}],"about":[{"href":"https:\/\/jm-metropole.com.br\/site\/wp-json\/wp\/v2\/types\/post"}],"author":[{"embeddable":true,"href":"https:\/\/jm-metropole.com.br\/site\/wp-json\/wp\/v2\/users\/1"}],"replies":[{"embeddable":true,"href":"https:\/\/jm-metropole.com.br\/site\/wp-json\/wp\/v2\/comments?post=23756"}],"version-history":[{"count":1,"href":"https:\/\/jm-metropole.com.br\/site\/wp-json\/wp\/v2\/posts\/23756\/revisions"}],"predecessor-version":[{"id":23758,"href":"https:\/\/jm-metropole.com.br\/site\/wp-json\/wp\/v2\/posts\/23756\/revisions\/23758"}],"wp:featuredmedia":[{"embeddable":true,"href":"https:\/\/jm-metropole.com.br\/site\/wp-json\/wp\/v2\/media\/23757"}],"wp:attachment":[{"href":"https:\/\/jm-metropole.com.br\/site\/wp-json\/wp\/v2\/media?parent=23756"}],"wp:term":[{"taxonomy":"category","embeddable":true,"href":"https:\/\/jm-metropole.com.br\/site\/wp-json\/wp\/v2\/categories?post=23756"},{"taxonomy":"post_tag","embeddable":true,"href":"https:\/\/jm-metropole.com.br\/site\/wp-json\/wp\/v2\/tags?post=23756"}],"curies":[{"name":"wp","href":"https:\/\/api.w.org\/{rel}","templated":true}]}}