{"id":23752,"date":"2025-03-27T13:44:02","date_gmt":"2025-03-27T16:44:02","guid":{"rendered":"https:\/\/jm-metropole.com.br\/site\/?p=23752"},"modified":"2025-03-27T13:44:02","modified_gmt":"2025-03-27T16:44:02","slug":"dia-d-da-vacinacao-contra-a-febre-amarela","status":"publish","type":"post","link":"https:\/\/jm-metropole.com.br\/site\/dia-d-da-vacinacao-contra-a-febre-amarela\/","title":{"rendered":"DIA D DA VACINA\u00c7\u00c3O CONTRA A FEBRE AMARELA"},"content":{"rendered":"<p>Neste s\u00e1bado (29), a Prefeitura de Aruj\u00e1 realizar\u00e1 o Dia D da campanha de vacina\u00e7\u00e3o contra a Febre Amarela! A a\u00e7\u00e3o acontece das 08h \u00e0s 16h, em quatro UBSs da cidade.<\/p>\n<p>\ud83d\udccd Locais de vacina\u00e7\u00e3o:<br \/>\n\u2705 UBS Parque Rodrigo Barreto \u2013 Rua Pedro Severino Martins, 231<br \/>\n\u2705 UBS Centro \u2013 Avenida dos Expedicion\u00e1rios (ao lado do Centro de Especialidades M\u00e9dicas)<br \/>\n\u2705 UBS Mirante \u2013 Estrada do Kondo, 712<br \/>\n\u2705 UBS Jardim Em\u00edlia \u2013 Rua Oscar Schiavon, 391<\/p>\n<p>\ud83d\udc65 Quem deve se vacinar?<br \/>\n\u2714\ufe0f Pessoas de 9 meses a 59 anos<br \/>\n\u2714\ufe0f Quem ainda n\u00e3o tomou a dose \u00fanica da vacina<br \/>\n\u2714\ufe0f Pessoas acima de 60 anos (com prescri\u00e7\u00e3o m\u00e9dica)<\/p>\n<p>\ud83d\udccc Leve seu cart\u00e3o de vacina\u00e7\u00e3o!<\/p>\n","protected":false},"excerpt":{"rendered":"<p>Neste s\u00e1bado (29), a Prefeitura de Aruj\u00e1 realizar\u00e1 o Dia D da campanha de vacina\u00e7\u00e3o contra a Febre Amarela! A a\u00e7\u00e3o acontece das 08h \u00e0s 16h, em quatro UBSs da cidade. \ud83d\udccd Locais de vacina\u00e7\u00e3o: \u2705 UBS Parque Rodrigo Barreto \u2013 Rua Pedro Severino Martins, 231 \u2705 UBS Centro \u2013 Avenida dos Expedicion\u00e1rios (ao lado [&hellip;]<\/p>\n","protected":false},"author":1,"featured_media":23754,"comment_status":"open","ping_status":"open","sticky":false,"template":"","format":"standard","meta":{"footnotes":""},"categories":[4],"tags":[],"class_list":{"0":"post-23752","1":"post","2":"type-post","3":"status-publish","4":"format-standard","5":"has-post-thumbnail","7":"category-aruja"},"_links":{"self":[{"href":"https:\/\/jm-metropole.com.br\/site\/wp-json\/wp\/v2\/posts\/23752","targetHints":{"allow":["GET"]}}],"collection":[{"href":"https:\/\/jm-metropole.com.br\/site\/wp-json\/wp\/v2\/posts"}],"about":[{"href":"https:\/\/jm-metropole.com.br\/site\/wp-json\/wp\/v2\/types\/post"}],"author":[{"embeddable":true,"href":"https:\/\/jm-metropole.com.br\/site\/wp-json\/wp\/v2\/users\/1"}],"replies":[{"embeddable":true,"href":"https:\/\/jm-metropole.com.br\/site\/wp-json\/wp\/v2\/comments?post=23752"}],"version-history":[{"count":1,"href":"https:\/\/jm-metropole.com.br\/site\/wp-json\/wp\/v2\/posts\/23752\/revisions"}],"predecessor-version":[{"id":23755,"href":"https:\/\/jm-metropole.com.br\/site\/wp-json\/wp\/v2\/posts\/23752\/revisions\/23755"}],"wp:featuredmedia":[{"embeddable":true,"href":"https:\/\/jm-metropole.com.br\/site\/wp-json\/wp\/v2\/media\/23754"}],"wp:attachment":[{"href":"https:\/\/jm-metropole.com.br\/site\/wp-json\/wp\/v2\/media?parent=23752"}],"wp:term":[{"taxonomy":"category","embeddable":true,"href":"https:\/\/jm-metropole.com.br\/site\/wp-json\/wp\/v2\/categories?post=23752"},{"taxonomy":"post_tag","embeddable":true,"href":"https:\/\/jm-metropole.com.br\/site\/wp-json\/wp\/v2\/tags?post=23752"}],"curies":[{"name":"wp","href":"https:\/\/api.w.org\/{rel}","templated":true}]}}