{"id":23740,"date":"2025-03-27T07:25:07","date_gmt":"2025-03-27T10:25:07","guid":{"rendered":"https:\/\/jm-metropole.com.br\/site\/?p=23740"},"modified":"2025-03-27T07:25:07","modified_gmt":"2025-03-27T10:25:07","slug":"kits-da-corrida-e-caminhada-do-batom-comecam-a-ser-entregues-nesta-quinta-feira","status":"publish","type":"post","link":"https:\/\/jm-metropole.com.br\/site\/kits-da-corrida-e-caminhada-do-batom-comecam-a-ser-entregues-nesta-quinta-feira\/","title":{"rendered":"Kits da Corrida e Caminhada do Batom come\u00e7am a ser entregues nesta quinta-feira"},"content":{"rendered":"<p>As mulheres inscritas na 23\u00aa Corrida e Caminhada do Batom j\u00e1 podem retirar seus kits a partir desta quinta-feira (27), mediante a apresenta\u00e7\u00e3o de um documento com foto e CPF, no Barbosa Supermercados &#8211; loja Bosque Maia, localizado na avenida Tiradentes, 1.558, Macedo.<\/p>\n<p>Para a retirada por terceiros ser\u00e1 necess\u00e1rio apresentar uma c\u00f3pia do documento do inscrito acompanhada do original de quem for fazer a retirada.<\/p>\n<p>Vale lembrar que \u00e9 preciso doar 1 kg de alimento n\u00e3o perec\u00edvel no momento da retirada do kit. As entregas ser\u00e3o realizadas at\u00e9 s\u00e1bado (29), sempre das 10h \u00e0s 19h. A n\u00e3o retirada do kit implica a perda do direito a retirar posteriormente.<\/p>\n<p>Sobre o evento<\/p>\n<p>A 23\u00aa Corrida e Caminhada do Batom acontece no domingo (30) no Bosque Maia, localizado na avenida Paulo Faccini, s\/n\u00b0. A corrida ter\u00e1 in\u00edcio \u00e0s 7h35 e a caminhada sair\u00e1 \u00e0s 7h40.<\/p>\n<p>O local contar\u00e1 com uma arena para o evento com tendas dos patrocinadores, guarda-volumes, tenda do kit atleta (medalhas \/ frutas \/ hidrata\u00e7\u00e3o), palco, som e banheiros qu\u00edmicos.<\/p>\n<p>Vias interditadas<\/p>\n<p>3h: Fechamento da avenida Paulo Faccini x rua Delezinho de Almeida Franco<br \/>\n6h: Fechamento da avenida Tiradentes x avenida Salgado Filho<br \/>\n6h: Fechamento da avenida Paulo Faccini x avenida Tiradentes<br \/>\n6h: Fechamento da avenida Dr. Renato de Andrade Maia x avenida Para Jo\u00e3o XXIII<br \/>\n6h30: Fechamento de todo o trecho da prova<br \/>\n11h: Via totalmente liberada<\/p>\n","protected":false},"excerpt":{"rendered":"<p>As mulheres inscritas na 23\u00aa Corrida e Caminhada do Batom j\u00e1 podem retirar seus kits a partir desta quinta-feira (27), mediante a apresenta\u00e7\u00e3o de um documento com foto e CPF, no Barbosa Supermercados &#8211; loja Bosque Maia, localizado na avenida Tiradentes, 1.558, Macedo. Para a retirada por terceiros ser\u00e1 necess\u00e1rio apresentar uma c\u00f3pia do documento [&hellip;]<\/p>\n","protected":false},"author":1,"featured_media":23741,"comment_status":"open","ping_status":"open","sticky":false,"template":"","format":"standard","meta":{"footnotes":""},"categories":[3],"tags":[],"class_list":{"0":"post-23740","1":"post","2":"type-post","3":"status-publish","4":"format-standard","5":"has-post-thumbnail","7":"category-guarulhos"},"_links":{"self":[{"href":"https:\/\/jm-metropole.com.br\/site\/wp-json\/wp\/v2\/posts\/23740","targetHints":{"allow":["GET"]}}],"collection":[{"href":"https:\/\/jm-metropole.com.br\/site\/wp-json\/wp\/v2\/posts"}],"about":[{"href":"https:\/\/jm-metropole.com.br\/site\/wp-json\/wp\/v2\/types\/post"}],"author":[{"embeddable":true,"href":"https:\/\/jm-metropole.com.br\/site\/wp-json\/wp\/v2\/users\/1"}],"replies":[{"embeddable":true,"href":"https:\/\/jm-metropole.com.br\/site\/wp-json\/wp\/v2\/comments?post=23740"}],"version-history":[{"count":1,"href":"https:\/\/jm-metropole.com.br\/site\/wp-json\/wp\/v2\/posts\/23740\/revisions"}],"predecessor-version":[{"id":23742,"href":"https:\/\/jm-metropole.com.br\/site\/wp-json\/wp\/v2\/posts\/23740\/revisions\/23742"}],"wp:featuredmedia":[{"embeddable":true,"href":"https:\/\/jm-metropole.com.br\/site\/wp-json\/wp\/v2\/media\/23741"}],"wp:attachment":[{"href":"https:\/\/jm-metropole.com.br\/site\/wp-json\/wp\/v2\/media?parent=23740"}],"wp:term":[{"taxonomy":"category","embeddable":true,"href":"https:\/\/jm-metropole.com.br\/site\/wp-json\/wp\/v2\/categories?post=23740"},{"taxonomy":"post_tag","embeddable":true,"href":"https:\/\/jm-metropole.com.br\/site\/wp-json\/wp\/v2\/tags?post=23740"}],"curies":[{"name":"wp","href":"https:\/\/api.w.org\/{rel}","templated":true}]}}