{"id":23615,"date":"2025-03-21T16:32:19","date_gmt":"2025-03-21T19:32:19","guid":{"rendered":"https:\/\/jm-metropole.com.br\/site\/?p=23615"},"modified":"2025-03-21T16:32:19","modified_gmt":"2025-03-21T19:32:19","slug":"gcm-prende-duas-pessoas-por-furto-de-fios-e-cabos-em-avenida-no-jardim-bela-vista","status":"publish","type":"post","link":"https:\/\/jm-metropole.com.br\/site\/gcm-prende-duas-pessoas-por-furto-de-fios-e-cabos-em-avenida-no-jardim-bela-vista\/","title":{"rendered":"GCM prende duas pessoas por furto de fios e cabos em avenida no Jardim Bela Vista"},"content":{"rendered":"<p>Agentes da Inspetoria Centro da Guarda Civil Municipal (GCM) de Guarulhos prenderam dois homens na madrugada desta quinta-feira (20) por furto de fios e cabos de telefonia e eletricidade na avenida Dona Em\u00edlia de Castro Martins, no Jardim Bela Vista. A equipe em patrulhamento preventivo pela regi\u00e3o deparou com os acusados portando um serrote e se preparando para deixar o local carregando os produtos do furto.<\/p>\n<p>Houve a preserva\u00e7\u00e3o da cena do crime e ambos foram detidos e apresentados \u00e0 autoridade de plant\u00e3o no 7\u00ba Distrito Policial, que requisitou per\u00edcia da Pol\u00edcia Cient\u00edfica. Ap\u00f3s o laudo, o delegado lavrou boletim de ocorr\u00eancia por furto, mantendo os acusados detidos e \u00e0 disposi\u00e7\u00e3o da Justi\u00e7a.<\/p>\n<p>Ato infracional<\/p>\n<p>Um adolescente foi apreendido por agentes do Canil da GCM logo ap\u00f3s ele ter furtado a bolsa de uma funcion\u00e1ria dentro de um estabelecimento comercial no Pican\u00e7o, no in\u00edcio da noite de quarta-feira (19). A equipe efetuava um patrulhamento preventivo pela rua Segundo-Tenente Rui Lopes Ribeiro quando foi solicitada. O adolescente foi apreendido com a bolsa, que continha o celular, documentos e carteira com cart\u00f5es banc\u00e1rios e dinheiro, todos pertencentes \u00e0 v\u00edtima.<\/p>\n<p>Os fatos foram apresentados no 1\u00ba Distrito Policial na presen\u00e7a da genitora, onde foi registrado um boletim de ocorr\u00eancia circunstanciado de ato infracional an\u00e1logo ao furto. O adolescente foi liberado e dever\u00e1 comparecer \u00e0 Vara da Inf\u00e2ncia e da Juventude acompanhado da m\u00e3e.<\/p>\n","protected":false},"excerpt":{"rendered":"<p>Agentes da Inspetoria Centro da Guarda Civil Municipal (GCM) de Guarulhos prenderam dois homens na madrugada desta quinta-feira (20) por furto de fios e cabos de telefonia e eletricidade na avenida Dona Em\u00edlia de Castro Martins, no Jardim Bela Vista. A equipe em patrulhamento preventivo pela regi\u00e3o deparou com os acusados portando um serrote e [&hellip;]<\/p>\n","protected":false},"author":1,"featured_media":23616,"comment_status":"open","ping_status":"open","sticky":false,"template":"","format":"standard","meta":{"footnotes":""},"categories":[3],"tags":[],"class_list":{"0":"post-23615","1":"post","2":"type-post","3":"status-publish","4":"format-standard","5":"has-post-thumbnail","7":"category-guarulhos"},"_links":{"self":[{"href":"https:\/\/jm-metropole.com.br\/site\/wp-json\/wp\/v2\/posts\/23615","targetHints":{"allow":["GET"]}}],"collection":[{"href":"https:\/\/jm-metropole.com.br\/site\/wp-json\/wp\/v2\/posts"}],"about":[{"href":"https:\/\/jm-metropole.com.br\/site\/wp-json\/wp\/v2\/types\/post"}],"author":[{"embeddable":true,"href":"https:\/\/jm-metropole.com.br\/site\/wp-json\/wp\/v2\/users\/1"}],"replies":[{"embeddable":true,"href":"https:\/\/jm-metropole.com.br\/site\/wp-json\/wp\/v2\/comments?post=23615"}],"version-history":[{"count":1,"href":"https:\/\/jm-metropole.com.br\/site\/wp-json\/wp\/v2\/posts\/23615\/revisions"}],"predecessor-version":[{"id":23617,"href":"https:\/\/jm-metropole.com.br\/site\/wp-json\/wp\/v2\/posts\/23615\/revisions\/23617"}],"wp:featuredmedia":[{"embeddable":true,"href":"https:\/\/jm-metropole.com.br\/site\/wp-json\/wp\/v2\/media\/23616"}],"wp:attachment":[{"href":"https:\/\/jm-metropole.com.br\/site\/wp-json\/wp\/v2\/media?parent=23615"}],"wp:term":[{"taxonomy":"category","embeddable":true,"href":"https:\/\/jm-metropole.com.br\/site\/wp-json\/wp\/v2\/categories?post=23615"},{"taxonomy":"post_tag","embeddable":true,"href":"https:\/\/jm-metropole.com.br\/site\/wp-json\/wp\/v2\/tags?post=23615"}],"curies":[{"name":"wp","href":"https:\/\/api.w.org\/{rel}","templated":true}]}}