{"id":23598,"date":"2025-03-21T10:31:36","date_gmt":"2025-03-21T13:31:36","guid":{"rendered":"https:\/\/jm-metropole.com.br\/site\/?p=23598"},"modified":"2025-03-21T10:31:36","modified_gmt":"2025-03-21T13:31:36","slug":"itaqua-reinaugura-usf-miray-e-amplia-acesso-a-assistencia-medica","status":"publish","type":"post","link":"https:\/\/jm-metropole.com.br\/site\/itaqua-reinaugura-usf-miray-e-amplia-acesso-a-assistencia-medica\/","title":{"rendered":"Itaqu\u00e1 reinaugura USF Miray e amplia acesso \u00e0 assist\u00eancia m\u00e9dica"},"content":{"rendered":"<p>Unidade vai passar de 13 mil para 15 mil atendimentos por m\u00eas<\/p>\n<p>A Prefeitura de Itaquaquecetuba reinaugurou, na quinta-feira (20), a Unidade de Sa\u00fade da Fam\u00edlia (USF) Miray. Com a reforma e amplia\u00e7\u00e3o, o equipamento, que tinha capacidade para 13 mil atendimentos, passa a realizar 15 mil por m\u00eas, com cobertura de 21 bairros.<\/p>\n<p>O evento contou com a presen\u00e7a do prefeito Eduardo Boigues, da primeira-dama e presidente do Fundo Social Mila Boigues, do vice-prefeito Rog\u00e9rio Tarento, secret\u00e1rios, vereadores, profissionais da sa\u00fade e mun\u00edcipes.<\/p>\n<p>\u201cA USF foi revitalizada para garantir atendimento mais humanizado e eficiente \u00e0 popula\u00e7\u00e3o. A nova estrutura foi planejada para proporcionar conforto e ser bem equipada, promovendo qualidade de vida aos pacientes e melhores condi\u00e7\u00f5es de trabalho aos profissionais de sa\u00fade\u201d, destacou o prefeito Eduardo Boigues.<\/p>\n<p>Com investimento de R$ 1 milh\u00e3o, oriundos de uma Parceria P\u00fablico-Privada (PPP), foram feitos servi\u00e7os de el\u00e9trica, ilumina\u00e7\u00e3o, pintura, instala\u00e7\u00e3o de novo piso, portas, esquadrias e mobili\u00e1rio. No pavimento superior h\u00e1 refeit\u00f3rio, audit\u00f3rio, sala dos agentes comunit\u00e1rios de sa\u00fade e diretoria, tudo com acessibilidade.<\/p>\n<p>No total, s\u00e3o 11 consult\u00f3rios de cl\u00ednico geral, ginecologia, odontologia e enfermagem, al\u00e9m de salas de expurgo, esteriliza\u00e7\u00e3o, curativo, vacina, setores de coleta e observa\u00e7\u00e3o, almoxarifado, recep\u00e7\u00e3o, farm\u00e1cia, espa\u00e7o para triagem e dep\u00f3sito.<\/p>\n<p>\u201cRefor\u00e7amos o nosso compromisso com a melhoria dos servi\u00e7os de sa\u00fade no munic\u00edpio. O investimento vai oferecer atendimento r\u00e1pido, acess\u00edvel e qualificado, garantindo que a popula\u00e7\u00e3o tenha acesso a servi\u00e7os essenciais com dignidade e efici\u00eancia\u201d, acrescentou o secret\u00e1rio de Sa\u00fade, Gabriel Rocha.<\/p>\n<p>Esse \u00e9 o 11\u00ba equipamento de sa\u00fade entregue desde 2021, sendo as outras as Unidades B\u00e1sicas de Sa\u00fade (UBSs) Marengo, Caiuby, Fortuna e Jardim do Carmo, as USFs Josely e Pequeno Cora\u00e7\u00e3o, os Centros de Aten\u00e7\u00e3o Psicossocial (CAPS) Infantojuvenil e II (para adultos), a Central de Abastecimento e o Centro de Sa\u00fade Infantil (CSI). Tamb\u00e9m est\u00e1 em andamento a reforma das UBSs Centro e Recanto M\u00f4nica e a constru\u00e7\u00e3o da UBS Jardim Tropical.<\/p>\n<p>&#8220;O ano de 2024 foi de muitas inaugura\u00e7\u00f5es, lan\u00e7amentos e neste ano n\u00e3o ser\u00e1 diferente. Selamos um compromisso com a popula\u00e7\u00e3o de realizar importantes investimentos. Em breve teremos novidades e melhorias&#8221;, finalizou o secret\u00e1rio de Governo, Marcello Barbosa.<\/p>\n<p>Fotos: Dayane Oliveira<\/p>\n","protected":false},"excerpt":{"rendered":"<p>Unidade vai passar de 13 mil para 15 mil atendimentos por m\u00eas A Prefeitura de Itaquaquecetuba reinaugurou, na quinta-feira (20), a Unidade de Sa\u00fade da Fam\u00edlia (USF) Miray. Com a reforma e amplia\u00e7\u00e3o, o equipamento, que tinha capacidade para 13 mil atendimentos, passa a realizar 15 mil por m\u00eas, com cobertura de 21 bairros. O [&hellip;]<\/p>\n","protected":false},"author":1,"featured_media":23599,"comment_status":"open","ping_status":"open","sticky":false,"template":"","format":"standard","meta":{"footnotes":""},"categories":[6],"tags":[],"class_list":{"0":"post-23598","1":"post","2":"type-post","3":"status-publish","4":"format-standard","5":"has-post-thumbnail","7":"category-itaqua"},"_links":{"self":[{"href":"https:\/\/jm-metropole.com.br\/site\/wp-json\/wp\/v2\/posts\/23598","targetHints":{"allow":["GET"]}}],"collection":[{"href":"https:\/\/jm-metropole.com.br\/site\/wp-json\/wp\/v2\/posts"}],"about":[{"href":"https:\/\/jm-metropole.com.br\/site\/wp-json\/wp\/v2\/types\/post"}],"author":[{"embeddable":true,"href":"https:\/\/jm-metropole.com.br\/site\/wp-json\/wp\/v2\/users\/1"}],"replies":[{"embeddable":true,"href":"https:\/\/jm-metropole.com.br\/site\/wp-json\/wp\/v2\/comments?post=23598"}],"version-history":[{"count":1,"href":"https:\/\/jm-metropole.com.br\/site\/wp-json\/wp\/v2\/posts\/23598\/revisions"}],"predecessor-version":[{"id":23600,"href":"https:\/\/jm-metropole.com.br\/site\/wp-json\/wp\/v2\/posts\/23598\/revisions\/23600"}],"wp:featuredmedia":[{"embeddable":true,"href":"https:\/\/jm-metropole.com.br\/site\/wp-json\/wp\/v2\/media\/23599"}],"wp:attachment":[{"href":"https:\/\/jm-metropole.com.br\/site\/wp-json\/wp\/v2\/media?parent=23598"}],"wp:term":[{"taxonomy":"category","embeddable":true,"href":"https:\/\/jm-metropole.com.br\/site\/wp-json\/wp\/v2\/categories?post=23598"},{"taxonomy":"post_tag","embeddable":true,"href":"https:\/\/jm-metropole.com.br\/site\/wp-json\/wp\/v2\/tags?post=23598"}],"curies":[{"name":"wp","href":"https:\/\/api.w.org\/{rel}","templated":true}]}}