{"id":23591,"date":"2025-03-21T09:40:08","date_gmt":"2025-03-21T12:40:08","guid":{"rendered":"https:\/\/jm-metropole.com.br\/site\/?p=23591"},"modified":"2025-03-21T09:40:08","modified_gmt":"2025-03-21T12:40:08","slug":"pets-podem-pegar-dengue-governo-de-sp-realiza-live-nesta-sexta-para-tirar-duvidas-sobre-a-doenca","status":"publish","type":"post","link":"https:\/\/jm-metropole.com.br\/site\/pets-podem-pegar-dengue-governo-de-sp-realiza-live-nesta-sexta-para-tirar-duvidas-sobre-a-doenca\/","title":{"rendered":"Pets podem pegar dengue? Governo de SP realiza live nesta sexta para tirar d\u00favidas sobre a doen\u00e7a"},"content":{"rendered":"<div class=\"elementor-element elementor-element-4784657 elementor-widget__width-initial elementor-widget elementor-widget-theme-post-excerpt\" data-id=\"4784657\" data-element_type=\"widget\" data-widget_type=\"theme-post-excerpt.default\">\n<div class=\"elementor-widget-container\">A\u00e7\u00e3o da Secretaria de Estado da Sa\u00fade e da Defesa Civil acontece nesta sexta-feira, \u00e0s 11h<\/div>\n<\/div>\n<div class=\"elementor-element elementor-element-4b063fb elementor-widget elementor-widget-image\" data-id=\"4b063fb\" data-element_type=\"widget\" data-widget_type=\"image.default\"><\/div>\n<div data-id=\"4b063fb\" data-element_type=\"widget\" data-widget_type=\"image.default\">\n<p>Nesta sexta-feira (21), a Secretaria de Estado da Sa\u00fade de S\u00e3o Paulo (SES-SP) e a Defesa Civil do Estado realizam uma transmiss\u00e3o ao vivo nas redes sociais para tirar d\u00favidas sobre doen\u00e7as transmitidas pelo mosquito Aedes aegypti. A live acontece \u00e0s 11h e ter\u00e1 como tema \u201cDengue: os pets pegam ou n\u00e3o?\u201d.<\/p>\n<p>A a\u00e7\u00e3o contar\u00e1 com a participa\u00e7\u00e3o de Fernanda Zambom, assessora do Centro de Vigil\u00e2ncia Epidemiol\u00f3gica (CVE\/SES-SP), que ser\u00e1 entrevistada pela capit\u00e3 Lidiara Lenarduzzi, da Defesa Civil. O encontro tem como objetivo fornecer informa\u00e7\u00f5es precisas sobre a preven\u00e7\u00e3o da doen\u00e7a, especialmente sobre o impacto em animais de estima\u00e7\u00e3o.<\/p>\n<p>*Com informa\u00e7\u00f5es de Ag\u00eancia SP<\/p>\n<\/div>\n","protected":false},"excerpt":{"rendered":"<p>A\u00e7\u00e3o da Secretaria de Estado da Sa\u00fade e da Defesa Civil acontece nesta sexta-feira, \u00e0s 11h Nesta sexta-feira (21), a Secretaria de Estado da Sa\u00fade de S\u00e3o Paulo (SES-SP) e a Defesa Civil do Estado realizam uma transmiss\u00e3o ao vivo nas redes sociais para tirar d\u00favidas sobre doen\u00e7as transmitidas pelo mosquito Aedes aegypti. A live [&hellip;]<\/p>\n","protected":false},"author":1,"featured_media":23592,"comment_status":"open","ping_status":"open","sticky":false,"template":"","format":"standard","meta":{"footnotes":""},"categories":[1],"tags":[],"class_list":{"0":"post-23591","1":"post","2":"type-post","3":"status-publish","4":"format-standard","5":"has-post-thumbnail","7":"category-tudo"},"_links":{"self":[{"href":"https:\/\/jm-metropole.com.br\/site\/wp-json\/wp\/v2\/posts\/23591","targetHints":{"allow":["GET"]}}],"collection":[{"href":"https:\/\/jm-metropole.com.br\/site\/wp-json\/wp\/v2\/posts"}],"about":[{"href":"https:\/\/jm-metropole.com.br\/site\/wp-json\/wp\/v2\/types\/post"}],"author":[{"embeddable":true,"href":"https:\/\/jm-metropole.com.br\/site\/wp-json\/wp\/v2\/users\/1"}],"replies":[{"embeddable":true,"href":"https:\/\/jm-metropole.com.br\/site\/wp-json\/wp\/v2\/comments?post=23591"}],"version-history":[{"count":1,"href":"https:\/\/jm-metropole.com.br\/site\/wp-json\/wp\/v2\/posts\/23591\/revisions"}],"predecessor-version":[{"id":23593,"href":"https:\/\/jm-metropole.com.br\/site\/wp-json\/wp\/v2\/posts\/23591\/revisions\/23593"}],"wp:featuredmedia":[{"embeddable":true,"href":"https:\/\/jm-metropole.com.br\/site\/wp-json\/wp\/v2\/media\/23592"}],"wp:attachment":[{"href":"https:\/\/jm-metropole.com.br\/site\/wp-json\/wp\/v2\/media?parent=23591"}],"wp:term":[{"taxonomy":"category","embeddable":true,"href":"https:\/\/jm-metropole.com.br\/site\/wp-json\/wp\/v2\/categories?post=23591"},{"taxonomy":"post_tag","embeddable":true,"href":"https:\/\/jm-metropole.com.br\/site\/wp-json\/wp\/v2\/tags?post=23591"}],"curies":[{"name":"wp","href":"https:\/\/api.w.org\/{rel}","templated":true}]}}