{"id":23588,"date":"2025-03-21T09:37:34","date_gmt":"2025-03-21T12:37:34","guid":{"rendered":"https:\/\/jm-metropole.com.br\/site\/?p=23588"},"modified":"2025-03-21T09:42:53","modified_gmt":"2025-03-21T12:42:53","slug":"vinicius-junior-decide-e-brasil-derrota-colombia-pelas-eliminatorias","status":"publish","type":"post","link":"https:\/\/jm-metropole.com.br\/site\/vinicius-junior-decide-e-brasil-derrota-colombia-pelas-eliminatorias\/","title":{"rendered":"Vinicius J\u00fanior decide e Brasil derrota Col\u00f4mbia pelas Eliminat\u00f3rias"},"content":{"rendered":"<div class=\"header-noticia full-width\">\n<div class=\"linha-fina-noticia\">R\u00e1dio Nacional transmite a vit\u00f3ria de 2 a 1 da sele\u00e7\u00e3o em Bras\u00edlia<\/div>\n<\/div>\n<div class=\"container-autoria\"><\/div>\n<div>\n<p>Mais de 70 mil pessoas viram o atacante Vinicius J\u00fanior marcar um belo gol nos acr\u00e9scimos para levar o Brasil \u00e0 vit\u00f3ria de 2 a 1 sobre a Col\u00f4mbia, nesta quinta-feira (20) no est\u00e1dio Man\u00e9 Garrincha, em Bras\u00edlia, em partida v\u00e1lida pela 13\u00aa rodada das Eliminat\u00f3rias Sul-Americanas para a Copa do Mundo de 2026. A\u00a0<strong>R\u00e1dio Nacional\u00a0<\/strong>transmitiu o confronto ao vivo.<img decoding=\"async\" src=\"https:\/\/agenciabrasil.ebc.com.br\/ebc.png?id=1635477&amp;o=node\" \/><img decoding=\"async\" src=\"https:\/\/agenciabrasil.ebc.com.br\/ebc.gif?id=1635477&amp;o=node\" \/>Com o resultado a sele\u00e7\u00e3o brasileira assumiu a vice-lideran\u00e7a da classifica\u00e7\u00e3o das Eliminat\u00f3rias com 21 pontos conquistados. J\u00e1 os colombianos ficaram na 6\u00aa coloca\u00e7\u00e3o com 19 pontos. O pr\u00f3ximo compromisso do Brasil \u00e9 contra a l\u00edder Argentina, na pr\u00f3xima ter\u00e7a-feira (25), a partir das 21h (hor\u00e1rio de Bras\u00edlia), no Monumental de Nu\u00f1ez, em Buenos Aires (Argentina).<\/p>\n<p>A equipe comandada pelo t\u00e9cnico Dorival J\u00fanior come\u00e7ou a partida em alta rota\u00e7\u00e3o, com os jogadores de frente n\u00e3o guardando posi\u00e7\u00e3o e criando boas oportunidades de marcar. Uma dessas oportunidades, logo aos 3 minutos do primeiro tempo, foi criada por Raphinha, que lan\u00e7ou Vinicius J\u00fanior em profundidade. O atacante do Real Madrid (Espanha) invadiu a \u00e1rea em velocidade e foi derrubado por Mu\u00f1oz. P\u00eanalti marcado para o Brasil. Raphinha ent\u00e3o foi para a cobran\u00e7a e deslocou o goleiro Vargas para abrir o marcador.<\/p>\n<p>A sele\u00e7\u00e3o brasileira continuou mantendo o controle das a\u00e7\u00f5es, at\u00e9 os 28 minutos, quando o volante Gerson sentiu uma les\u00e3o e deixou o campo para a entrada de Joelinton. Sem poder contar mais com o jogador do Flamengo o Brasil passou a ter mais dificuldades na sa\u00edda de bola, oferecendo espa\u00e7os para o ataque colombiano.<\/p>\n<p>E foi justamente de uma falha do substituto de Gerson que nasceu o gol de empate da Col\u00f4mbia. Arias ganhou a bola de Joelinton nas proximidades da \u00e1rea e encontrou Lerma, que tocou para James Rodr\u00edguezs, que serviu Luis D\u00edaz. O atacante do Liverpool (Inglaterra) teve ent\u00e3o liberdade para bater cruzado para superar o goleiro Alisson aos 40 minutos da etapa inicial.<\/p>\n<p>Percebendo que o seu time encontrava dificuldades no jogo, o t\u00e9cnico Dorival J\u00fanior passou a realizar mudan\u00e7as em sua equipe ap\u00f3s o intervalo. Primeiro substituiu Matheus Cunha por Jo\u00e3o Pedro. E depois promoveu as entradas do lateral Wesley, do volante Andr\u00e9 e do atacante Savinho.<\/p>\n<p>A partir da\u00ed a sele\u00e7\u00e3o brasileira come\u00e7ou a ter uma melhor produ\u00e7\u00e3o ofensiva pelo lado direito, onde Savinho e Wesley criavam v\u00e1rias tramas ofensivas. J\u00e1 os colombianos passaram a tentar amarrar o jogo, com o objetivo de garantir o empate final.<\/p>\n<p>Por\u00e9m, j\u00e1 nos acr\u00e9scimos da etapa final, o Brasil contou com o talento de Vinicius J\u00fanior para sair com a vit\u00f3ria. O jogador do Real Madrid recebeu na intermedi\u00e1ria e acertou um chute colocado, que desviou em Lerma antes de morrer no fundo do gol defendido por Vargas.<\/p>\n<p>*Com informa\u00e7\u00f5es de Ag\u00eancia Brasil<\/p>\n<\/div>\n","protected":false},"excerpt":{"rendered":"<p>R\u00e1dio Nacional transmite a vit\u00f3ria de 2 a 1 da sele\u00e7\u00e3o em Bras\u00edlia Mais de 70 mil pessoas viram o atacante Vinicius J\u00fanior marcar um belo gol nos acr\u00e9scimos para levar o Brasil \u00e0 vit\u00f3ria de 2 a 1 sobre a Col\u00f4mbia, nesta quinta-feira (20) no est\u00e1dio Man\u00e9 Garrincha, em Bras\u00edlia, em partida v\u00e1lida pela [&hellip;]<\/p>\n","protected":false},"author":1,"featured_media":23589,"comment_status":"open","ping_status":"open","sticky":false,"template":"","format":"standard","meta":{"footnotes":""},"categories":[12],"tags":[],"class_list":{"0":"post-23588","1":"post","2":"type-post","3":"status-publish","4":"format-standard","5":"has-post-thumbnail","7":"category-esporte"},"_links":{"self":[{"href":"https:\/\/jm-metropole.com.br\/site\/wp-json\/wp\/v2\/posts\/23588","targetHints":{"allow":["GET"]}}],"collection":[{"href":"https:\/\/jm-metropole.com.br\/site\/wp-json\/wp\/v2\/posts"}],"about":[{"href":"https:\/\/jm-metropole.com.br\/site\/wp-json\/wp\/v2\/types\/post"}],"author":[{"embeddable":true,"href":"https:\/\/jm-metropole.com.br\/site\/wp-json\/wp\/v2\/users\/1"}],"replies":[{"embeddable":true,"href":"https:\/\/jm-metropole.com.br\/site\/wp-json\/wp\/v2\/comments?post=23588"}],"version-history":[{"count":2,"href":"https:\/\/jm-metropole.com.br\/site\/wp-json\/wp\/v2\/posts\/23588\/revisions"}],"predecessor-version":[{"id":23594,"href":"https:\/\/jm-metropole.com.br\/site\/wp-json\/wp\/v2\/posts\/23588\/revisions\/23594"}],"wp:featuredmedia":[{"embeddable":true,"href":"https:\/\/jm-metropole.com.br\/site\/wp-json\/wp\/v2\/media\/23589"}],"wp:attachment":[{"href":"https:\/\/jm-metropole.com.br\/site\/wp-json\/wp\/v2\/media?parent=23588"}],"wp:term":[{"taxonomy":"category","embeddable":true,"href":"https:\/\/jm-metropole.com.br\/site\/wp-json\/wp\/v2\/categories?post=23588"},{"taxonomy":"post_tag","embeddable":true,"href":"https:\/\/jm-metropole.com.br\/site\/wp-json\/wp\/v2\/tags?post=23588"}],"curies":[{"name":"wp","href":"https:\/\/api.w.org\/{rel}","templated":true}]}}