{"id":23571,"date":"2025-03-20T16:20:40","date_gmt":"2025-03-20T19:20:40","guid":{"rendered":"https:\/\/jm-metropole.com.br\/site\/?p=23571"},"modified":"2025-03-20T16:20:40","modified_gmt":"2025-03-20T19:20:40","slug":"lider-comunitaria-e-homenageada-na-camara-municipal","status":"publish","type":"post","link":"https:\/\/jm-metropole.com.br\/site\/lider-comunitaria-e-homenageada-na-camara-municipal\/","title":{"rendered":"L\u00edder comunit\u00e1ria \u00e9 homenageada na C\u00e2mara Municipal"},"content":{"rendered":"<p>Na Sess\u00e3o Ordin\u00e1ria do dia 17 de mar\u00e7o, a Casa de Leis aprovou por unanimidade uma Mo\u00e7\u00e3o de Parabenizar\u00e3o e Aplausos para a l\u00edder comunit\u00e1ria, Maria da Penha Vieira dos Santos. A proposta foi de autoria do vereador Luciano Lima (PP).<\/p>\n<p>Maria da Penha foi homenageada pelo seu trabalho volunt\u00e1rio e a\u00e7\u00f5es de caridade, especialmente no bairro Jd. Em\u00edlia. Entre seus trabalhos volunt\u00e1rios, destacam-se a distribui\u00e7\u00e3o de alimentos, doa\u00e7\u00e3o de roupas e o apoio emocional a fam\u00edlias da regi\u00e3o.<\/p>\n<p>\ud83d\udc49\ud83c\udffcAcesse o link e tenha mais informa\u00e7\u00f5es sobre a homenagem \u00e0 Maria da Penha: https:\/\/www.camaraaruja.sp.gov.br\/noticias\/lider-comunitaria-e-homenageada-na-camara-municipal<\/p>\n","protected":false},"excerpt":{"rendered":"<p>Na Sess\u00e3o Ordin\u00e1ria do dia 17 de mar\u00e7o, a Casa de Leis aprovou por unanimidade uma Mo\u00e7\u00e3o de Parabenizar\u00e3o e Aplausos para a l\u00edder comunit\u00e1ria, Maria da Penha Vieira dos Santos. A proposta foi de autoria do vereador Luciano Lima (PP). Maria da Penha foi homenageada pelo seu trabalho volunt\u00e1rio e a\u00e7\u00f5es de caridade, especialmente [&hellip;]<\/p>\n","protected":false},"author":1,"featured_media":23572,"comment_status":"open","ping_status":"open","sticky":false,"template":"","format":"standard","meta":{"footnotes":""},"categories":[1],"tags":[],"class_list":{"0":"post-23571","1":"post","2":"type-post","3":"status-publish","4":"format-standard","5":"has-post-thumbnail","7":"category-tudo"},"_links":{"self":[{"href":"https:\/\/jm-metropole.com.br\/site\/wp-json\/wp\/v2\/posts\/23571","targetHints":{"allow":["GET"]}}],"collection":[{"href":"https:\/\/jm-metropole.com.br\/site\/wp-json\/wp\/v2\/posts"}],"about":[{"href":"https:\/\/jm-metropole.com.br\/site\/wp-json\/wp\/v2\/types\/post"}],"author":[{"embeddable":true,"href":"https:\/\/jm-metropole.com.br\/site\/wp-json\/wp\/v2\/users\/1"}],"replies":[{"embeddable":true,"href":"https:\/\/jm-metropole.com.br\/site\/wp-json\/wp\/v2\/comments?post=23571"}],"version-history":[{"count":1,"href":"https:\/\/jm-metropole.com.br\/site\/wp-json\/wp\/v2\/posts\/23571\/revisions"}],"predecessor-version":[{"id":23573,"href":"https:\/\/jm-metropole.com.br\/site\/wp-json\/wp\/v2\/posts\/23571\/revisions\/23573"}],"wp:featuredmedia":[{"embeddable":true,"href":"https:\/\/jm-metropole.com.br\/site\/wp-json\/wp\/v2\/media\/23572"}],"wp:attachment":[{"href":"https:\/\/jm-metropole.com.br\/site\/wp-json\/wp\/v2\/media?parent=23571"}],"wp:term":[{"taxonomy":"category","embeddable":true,"href":"https:\/\/jm-metropole.com.br\/site\/wp-json\/wp\/v2\/categories?post=23571"},{"taxonomy":"post_tag","embeddable":true,"href":"https:\/\/jm-metropole.com.br\/site\/wp-json\/wp\/v2\/tags?post=23571"}],"curies":[{"name":"wp","href":"https:\/\/api.w.org\/{rel}","templated":true}]}}