{"id":23565,"date":"2025-03-20T16:17:14","date_gmt":"2025-03-20T19:17:14","guid":{"rendered":"https:\/\/jm-metropole.com.br\/site\/?p=23565"},"modified":"2025-03-20T16:17:14","modified_gmt":"2025-03-20T19:17:14","slug":"startup-day-aruja-2025","status":"publish","type":"post","link":"https:\/\/jm-metropole.com.br\/site\/startup-day-aruja-2025\/","title":{"rendered":"STARTUP DAY ARUJ\u00c1 2025"},"content":{"rendered":"<p>Se voc\u00ea tem uma startup, sonha em criar uma ou est\u00e1 em busca de novos insights sobre empreendedorismo e inova\u00e7\u00e3o, n\u00e3o pode perder o Startup Day Aruj\u00e1!<\/p>\n<p>\ud83d\udcc5 Data: 22 de mar\u00e7o de 2025<br \/>\n\u23f0 Hor\u00e1rio: Das 09:00 \u00e0s 13:00<br \/>\n\ud83d\udccd Local: Anfiteatro Municipal de Aruj\u00e1 &#8211; Rua Perfeita Liberdade, 220 &#8211; Jardim Angelo, Aruj\u00e1, SP<\/p>\n<p>Este evento presencial ser\u00e1 uma excelente oportunidade para conectar-se com o ecossistema de inova\u00e7\u00e3o e empreendedores, com palestras de especialistas como:<\/p>\n<p>Paula de Faria (Sebrae) sobre Programas para Startups<br \/>\nRodrigo Garzi sobre Inova\u00e7\u00e3o nos Munic\u00edpios<br \/>\nLuiz Fernando Pereira do SENAI sobre Empreendedorismo Industrial<br \/>\nAlex Cerqueira sobre Empreendedorismo Social e Design Thinking<\/p>\n<p>\ud83d\udca1 Com o apoio da Escola 4.0 Aruj\u00e1, o Startup Day ser\u00e1 uma excelente oportunidade para fortalecer a inova\u00e7\u00e3o e o empreendedorismo na nossa cidade. Junte-se a n\u00f3s para uma jornada de aprendizado e crescimento!<\/p>\n<p>\ud83d\udd17 Garanta seu ingresso gratuito no link:<br \/>\nhttps:\/\/www.sympla.com.br\/evento\/startup-day-aruja\/2829741<\/p>\n","protected":false},"excerpt":{"rendered":"<p>Se voc\u00ea tem uma startup, sonha em criar uma ou est\u00e1 em busca de novos insights sobre empreendedorismo e inova\u00e7\u00e3o, n\u00e3o pode perder o Startup Day Aruj\u00e1! \ud83d\udcc5 Data: 22 de mar\u00e7o de 2025 \u23f0 Hor\u00e1rio: Das 09:00 \u00e0s 13:00 \ud83d\udccd Local: Anfiteatro Municipal de Aruj\u00e1 &#8211; Rua Perfeita Liberdade, 220 &#8211; Jardim Angelo, Aruj\u00e1, [&hellip;]<\/p>\n","protected":false},"author":1,"featured_media":23566,"comment_status":"open","ping_status":"open","sticky":false,"template":"","format":"standard","meta":{"footnotes":""},"categories":[4],"tags":[],"class_list":{"0":"post-23565","1":"post","2":"type-post","3":"status-publish","4":"format-standard","5":"has-post-thumbnail","7":"category-aruja"},"_links":{"self":[{"href":"https:\/\/jm-metropole.com.br\/site\/wp-json\/wp\/v2\/posts\/23565","targetHints":{"allow":["GET"]}}],"collection":[{"href":"https:\/\/jm-metropole.com.br\/site\/wp-json\/wp\/v2\/posts"}],"about":[{"href":"https:\/\/jm-metropole.com.br\/site\/wp-json\/wp\/v2\/types\/post"}],"author":[{"embeddable":true,"href":"https:\/\/jm-metropole.com.br\/site\/wp-json\/wp\/v2\/users\/1"}],"replies":[{"embeddable":true,"href":"https:\/\/jm-metropole.com.br\/site\/wp-json\/wp\/v2\/comments?post=23565"}],"version-history":[{"count":1,"href":"https:\/\/jm-metropole.com.br\/site\/wp-json\/wp\/v2\/posts\/23565\/revisions"}],"predecessor-version":[{"id":23567,"href":"https:\/\/jm-metropole.com.br\/site\/wp-json\/wp\/v2\/posts\/23565\/revisions\/23567"}],"wp:featuredmedia":[{"embeddable":true,"href":"https:\/\/jm-metropole.com.br\/site\/wp-json\/wp\/v2\/media\/23566"}],"wp:attachment":[{"href":"https:\/\/jm-metropole.com.br\/site\/wp-json\/wp\/v2\/media?parent=23565"}],"wp:term":[{"taxonomy":"category","embeddable":true,"href":"https:\/\/jm-metropole.com.br\/site\/wp-json\/wp\/v2\/categories?post=23565"},{"taxonomy":"post_tag","embeddable":true,"href":"https:\/\/jm-metropole.com.br\/site\/wp-json\/wp\/v2\/tags?post=23565"}],"curies":[{"name":"wp","href":"https:\/\/api.w.org\/{rel}","templated":true}]}}