{"id":23561,"date":"2025-03-20T11:10:09","date_gmt":"2025-03-20T14:10:09","guid":{"rendered":"https:\/\/jm-metropole.com.br\/site\/?p=23561"},"modified":"2025-03-20T11:10:09","modified_gmt":"2025-03-20T14:10:09","slug":"congresso-antecipa-votacao-do-orcamento-2025-para-esta-quinta-feira","status":"publish","type":"post","link":"https:\/\/jm-metropole.com.br\/site\/congresso-antecipa-votacao-do-orcamento-2025-para-esta-quinta-feira\/","title":{"rendered":"Congresso antecipa vota\u00e7\u00e3o do or\u00e7amento 2025 para esta quinta-feira"},"content":{"rendered":"<div class=\"header-noticia full-width\">\n<div class=\"linha-fina-noticia\">CMO analisa relat\u00f3rio final, antes de vota\u00e7\u00e3o no plen\u00e1rio<\/div>\n<\/div>\n<div class=\"container-autoria\">\n<p>O Congresso Nacional antecipou a vota\u00e7\u00e3o do Projeto de Lei Or\u00e7ament\u00e1ria Anual (PLOA) de 2025 para a tarde desta quinta-feira (20), a partir das 15h. Antes, a Comiss\u00e3o Mista do Or\u00e7amento (CMO) deve aprovar o relat\u00f3rio final apresentado na madrugada de hoje pelo relator, o senador Angelo Coronel (PSD-BA).<img decoding=\"async\" src=\"https:\/\/agenciabrasil.ebc.com.br\/ebc.png?id=1635296&amp;o=node\" \/><img decoding=\"async\" src=\"https:\/\/agenciabrasil.ebc.com.br\/ebc.gif?id=1635296&amp;o=node\" \/><\/p>\n<p><strong>Segundo o parecer do relator, o or\u00e7amento da Uni\u00e3o ter\u00e1 um super\u00e1vit prim\u00e1rio de R$ 15 bilh\u00f5es neste ano, contra um d\u00e9ficit de R$ 11 bilh\u00f5es em 2024.<\/strong>\u00a0No ano passado, n\u00e3o foram inclu\u00eddos no c\u00e1lculo os R$ 32 bilh\u00f5es usados para minorar a cat\u00e1strofe clim\u00e1tica do Rio Grande do Sul (RS). Os gastos prim\u00e1rios s\u00e3o aqueles que excluem os recursos gastos com a d\u00edvida p\u00fablica.<\/p>\n<p>At\u00e9 ontem, a previs\u00e3o era de que a\u00a0<a href=\"https:\/\/agenciabrasil.ebc.com.br\/politica\/noticia\/2025-03\/votacao-do-orcamento-de-2025-em-comissao-e-adiada-para-sexta-feira\" target=\"_blank\" rel=\"noopener\">CMO votaria o parecer do relator apenas na tarde<\/a>\u00a0da sexta-feira (21), o que empurraria a vota\u00e7\u00e3o nos plen\u00e1rios da C\u00e2mara e do Senado para a semana que vem.<\/p>\n<p><strong>Por\u00e9m, ap\u00f3s o Congresso marcar a sess\u00e3o conjunta para esta quinta-feira, a CMO antecipou o calend\u00e1rio de vota\u00e7\u00e3o para analisar o parecer nesta manh\u00e3.<\/strong><\/p>\n<p>Em v\u00eddeo divulgado a jornalistas, o relator \u00c2ngelo Coronel disse que a antecipa\u00e7\u00e3o se deveu a \u201cefici\u00eancia\u201d e \u201cboa vontade\u201d da consultoria do Senado e de sua equipe de gabinete, que fizeram as adequa\u00e7\u00f5es no projeto ap\u00f3s as modifica\u00e7\u00f5es solicitadas pelo governo.<\/p>\n<blockquote><p>\u201cEstamos trabalhando para resolver tudo nesta quinta-feira. \u00c9 uma pe\u00e7a que est\u00e1 com muito atraso. E foi at\u00e9 bom esse atraso porque deu tempo do governo modificar v\u00e1rias rubricas [despesas]. At\u00e9 essa ter\u00e7a-feira, veio of\u00edcio do governo solicitando modifica\u00e7\u00f5es\u201d, afirmou o parlamentar.<\/p><\/blockquote>\n<p>O PLOA foi enviado em agosto do ano passado e, de acordo com a Constitui\u00e7\u00e3o, deveria ser aprovado at\u00e9 dezembro de 2024.\u00a0<strong>Por\u00e9m, por falta de acordo, a vota\u00e7\u00e3o foi transferida para este ano.<\/strong><\/p>\n<p><strong>O atraso na aprova\u00e7\u00e3o do or\u00e7amento da Uni\u00e3o de 2025 limita os gastos mensais do governo a apenas 1\/12 do total que foi definido para cada m\u00eas de 2024.<\/strong><\/p>\n<p>Com isso, os reajustes ao funcionalismo p\u00fablico e diversas despesas e investimentos ficam congelados esperando a vota\u00e7\u00e3o.<\/p>\n<p>*Com informa\u00e7\u00f5es de Ag\u00eancia Brasil<\/p>\n<\/div>\n","protected":false},"excerpt":{"rendered":"<p>CMO analisa relat\u00f3rio final, antes de vota\u00e7\u00e3o no plen\u00e1rio O Congresso Nacional antecipou a vota\u00e7\u00e3o do Projeto de Lei Or\u00e7ament\u00e1ria Anual (PLOA) de 2025 para a tarde desta quinta-feira (20), a partir das 15h. Antes, a Comiss\u00e3o Mista do Or\u00e7amento (CMO) deve aprovar o relat\u00f3rio final apresentado na madrugada de hoje pelo relator, o senador [&hellip;]<\/p>\n","protected":false},"author":1,"featured_media":23562,"comment_status":"open","ping_status":"open","sticky":false,"template":"","format":"standard","meta":{"footnotes":""},"categories":[1],"tags":[],"class_list":{"0":"post-23561","1":"post","2":"type-post","3":"status-publish","4":"format-standard","5":"has-post-thumbnail","7":"category-tudo"},"_links":{"self":[{"href":"https:\/\/jm-metropole.com.br\/site\/wp-json\/wp\/v2\/posts\/23561","targetHints":{"allow":["GET"]}}],"collection":[{"href":"https:\/\/jm-metropole.com.br\/site\/wp-json\/wp\/v2\/posts"}],"about":[{"href":"https:\/\/jm-metropole.com.br\/site\/wp-json\/wp\/v2\/types\/post"}],"author":[{"embeddable":true,"href":"https:\/\/jm-metropole.com.br\/site\/wp-json\/wp\/v2\/users\/1"}],"replies":[{"embeddable":true,"href":"https:\/\/jm-metropole.com.br\/site\/wp-json\/wp\/v2\/comments?post=23561"}],"version-history":[{"count":1,"href":"https:\/\/jm-metropole.com.br\/site\/wp-json\/wp\/v2\/posts\/23561\/revisions"}],"predecessor-version":[{"id":23563,"href":"https:\/\/jm-metropole.com.br\/site\/wp-json\/wp\/v2\/posts\/23561\/revisions\/23563"}],"wp:featuredmedia":[{"embeddable":true,"href":"https:\/\/jm-metropole.com.br\/site\/wp-json\/wp\/v2\/media\/23562"}],"wp:attachment":[{"href":"https:\/\/jm-metropole.com.br\/site\/wp-json\/wp\/v2\/media?parent=23561"}],"wp:term":[{"taxonomy":"category","embeddable":true,"href":"https:\/\/jm-metropole.com.br\/site\/wp-json\/wp\/v2\/categories?post=23561"},{"taxonomy":"post_tag","embeddable":true,"href":"https:\/\/jm-metropole.com.br\/site\/wp-json\/wp\/v2\/tags?post=23561"}],"curies":[{"name":"wp","href":"https:\/\/api.w.org\/{rel}","templated":true}]}}