{"id":23555,"date":"2025-03-20T11:06:03","date_gmt":"2025-03-20T14:06:03","guid":{"rendered":"https:\/\/jm-metropole.com.br\/site\/?p=23555"},"modified":"2025-03-20T11:06:03","modified_gmt":"2025-03-20T14:06:03","slug":"guarulhos-lanca-primeiro-micro-onibus-do-brasil-movido-a-gas-natural","status":"publish","type":"post","link":"https:\/\/jm-metropole.com.br\/site\/guarulhos-lanca-primeiro-micro-onibus-do-brasil-movido-a-gas-natural\/","title":{"rendered":"Guarulhos lan\u00e7a primeiro micro-\u00f4nibus do Brasil movido a g\u00e1s natural"},"content":{"rendered":"<p>Os usu\u00e1rios da linha 387, que faz o itiner\u00e1rio Parque Mikail \/ pra\u00e7a Oito de Dezembro, passar\u00e3o a contar com um novo micro-\u00f4nibus. O ve\u00edculo, o primeiro movido a g\u00e1s natural no pa\u00eds vindo diretamente de f\u00e1brica, foi adquirido pela Cooper-Uni e apresentado nesta quarta-feira (19) no Pa\u00e7o Municipal ao prefeito Lucas Sanches.<\/p>\n<p>De acordo com a Volore, marca fabricante, o ve\u00edculo pode ser abastecido com g\u00e1s natural ou biometano, combust\u00edvel produzido por meio da transforma\u00e7\u00e3o do lixo em g\u00e1s. Ambas as fontes s\u00e3o consideradas menos poluentes, j\u00e1 que reduzem em 90% as part\u00edculas dispersadas, al\u00e9m de promover a descarboniza\u00e7\u00e3o e a melhora da qualidade do ar.<\/p>\n<p>O micro-\u00f4nibus mais sustent\u00e1vel tem capacidade para 39 passageiros, sendo 22 sentados e 17 em p\u00e9, ar-condicionado, entrada USB para carregamento de celular e monitoramento por c\u00e2meras.<\/p>\n<p>O prefeito ficou entusiasmado com a chegada do novo ve\u00edculo ao transporte p\u00fablico guarulhense. \u201cA Prefeitura est\u00e1 \u00e0 disposi\u00e7\u00e3o para que possamos agilizar a expans\u00e3o da descarboniza\u00e7\u00e3o do transporte p\u00fablico de Guarulhos com ve\u00edculos mais sustent\u00e1veis como este\u201d, afirmou Lucas Sanches.<\/p>\n<p>O secret\u00e1rio de Transportes e Mobilidade Urbana, Jo\u00e3o Ara\u00fajo, informou que os parceiros que viabilizaram a vinda do ve\u00edculo, como a empresa concession\u00e1ria Comg\u00e1s, se colocaram \u00e0 disposi\u00e7\u00e3o para que o modelo ganhe espa\u00e7o no mun\u00edcipio. Ara\u00fajo disse ainda que a Cooper-Uni pretende contar com at\u00e9 20% da frota formada pelos micro-\u00f4nibus menos poluentes.<\/p>\n<p>\u201c\u00c9 um grande avan\u00e7o para o transporte p\u00fablico municipal, que, al\u00e9m deste novo ve\u00edculo, ganhou recentemente 14 novos micro-\u00f4nibus. E este ve\u00edculo movido a g\u00e1s natural n\u00e3o deve ser o \u00fanico da Cooper-Uni, j\u00e1 que a cooperativa j\u00e1 encomendou um segundo, que deve ganhar as ruas da cidade nos pr\u00f3ximos meses\u201d, informou Ara\u00fajo.<\/p>\n<p>Foto: Diego Frois\/PMG<\/p>\n","protected":false},"excerpt":{"rendered":"<p>Os usu\u00e1rios da linha 387, que faz o itiner\u00e1rio Parque Mikail \/ pra\u00e7a Oito de Dezembro, passar\u00e3o a contar com um novo micro-\u00f4nibus. O ve\u00edculo, o primeiro movido a g\u00e1s natural no pa\u00eds vindo diretamente de f\u00e1brica, foi adquirido pela Cooper-Uni e apresentado nesta quarta-feira (19) no Pa\u00e7o Municipal ao prefeito Lucas Sanches. De acordo [&hellip;]<\/p>\n","protected":false},"author":1,"featured_media":23556,"comment_status":"open","ping_status":"open","sticky":false,"template":"","format":"standard","meta":{"footnotes":""},"categories":[3],"tags":[],"class_list":{"0":"post-23555","1":"post","2":"type-post","3":"status-publish","4":"format-standard","5":"has-post-thumbnail","7":"category-guarulhos"},"_links":{"self":[{"href":"https:\/\/jm-metropole.com.br\/site\/wp-json\/wp\/v2\/posts\/23555","targetHints":{"allow":["GET"]}}],"collection":[{"href":"https:\/\/jm-metropole.com.br\/site\/wp-json\/wp\/v2\/posts"}],"about":[{"href":"https:\/\/jm-metropole.com.br\/site\/wp-json\/wp\/v2\/types\/post"}],"author":[{"embeddable":true,"href":"https:\/\/jm-metropole.com.br\/site\/wp-json\/wp\/v2\/users\/1"}],"replies":[{"embeddable":true,"href":"https:\/\/jm-metropole.com.br\/site\/wp-json\/wp\/v2\/comments?post=23555"}],"version-history":[{"count":1,"href":"https:\/\/jm-metropole.com.br\/site\/wp-json\/wp\/v2\/posts\/23555\/revisions"}],"predecessor-version":[{"id":23557,"href":"https:\/\/jm-metropole.com.br\/site\/wp-json\/wp\/v2\/posts\/23555\/revisions\/23557"}],"wp:featuredmedia":[{"embeddable":true,"href":"https:\/\/jm-metropole.com.br\/site\/wp-json\/wp\/v2\/media\/23556"}],"wp:attachment":[{"href":"https:\/\/jm-metropole.com.br\/site\/wp-json\/wp\/v2\/media?parent=23555"}],"wp:term":[{"taxonomy":"category","embeddable":true,"href":"https:\/\/jm-metropole.com.br\/site\/wp-json\/wp\/v2\/categories?post=23555"},{"taxonomy":"post_tag","embeddable":true,"href":"https:\/\/jm-metropole.com.br\/site\/wp-json\/wp\/v2\/tags?post=23555"}],"curies":[{"name":"wp","href":"https:\/\/api.w.org\/{rel}","templated":true}]}}