{"id":23549,"date":"2025-03-20T08:56:19","date_gmt":"2025-03-20T11:56:19","guid":{"rendered":"https:\/\/jm-metropole.com.br\/site\/?p=23549"},"modified":"2025-03-20T08:56:19","modified_gmt":"2025-03-20T11:56:19","slug":"stf-libera-licitacao-de-sp-para-gestao-privada-de-escolas-publicas","status":"publish","type":"post","link":"https:\/\/jm-metropole.com.br\/site\/stf-libera-licitacao-de-sp-para-gestao-privada-de-escolas-publicas\/","title":{"rendered":"STF libera licita\u00e7\u00e3o de SP para gest\u00e3o privada de escolas p\u00fablicas"},"content":{"rendered":"<div class=\"header-noticia full-width\">\n<div class=\"linha-fina-noticia\">Presidente da Corte suspendeu decis\u00e3o da Justi\u00e7a paulista<\/div>\n<\/div>\n<div class=\"container-autoria\"><\/div>\n<div>\n<p>O\u00a0<strong>presidente do Supremo Tribunal Federal (STF), ministro Lu\u00eds Roberto Barroso, liberou nesta quarta-feira (19) a continuidade da licita\u00e7\u00e3o do governo de S\u00e3o Paulo para a concess\u00e3o da gest\u00e3o de 33 escolas p\u00fablicas\u00a0<\/strong>\u00e0 iniciativa privada.<img decoding=\"async\" src=\"https:\/\/agenciabrasil.ebc.com.br\/ebc.png?id=1635271&amp;o=node\" \/><img decoding=\"async\" src=\"https:\/\/agenciabrasil.ebc.com.br\/ebc.gif?id=1635271&amp;o=node\" \/><\/p>\n<p>O ministro<strong>\u00a0atendeu ao recurso protocolado pela procuradoria do estado\u00a0<\/strong>para derrubar uma\u00a0<a href=\"https:\/\/agenciabrasil.ebc.com.br\/educacao\/noticia\/2025-03\/justica-de-sp-anula-leiloes-para-gestao-privada-de-escolas-estaduais\" target=\"_blank\" rel=\"noopener\">decis\u00e3o da Justi\u00e7a paulista que suspendeu a concess\u00e3o<\/a>.<\/p>\n<p>Na decis\u00e3o,\u00a0<strong>Barroso entendeu que a suspens\u00e3o da licita\u00e7\u00e3o pode gerar preju\u00edzos \u00e0 ordem p\u00fablica<\/strong>\u00a0e \u00e0 pol\u00edtica educacional de S\u00e3o Paulo.<\/p>\n<blockquote><p>\u201cA delega\u00e7\u00e3o de servi\u00e7os p\u00fablicos por meio de concess\u00e3o ou PPP, na forma do art. 175 da Constitui\u00e7\u00e3o, n\u00e3o implica perda da titularidade pelo estado, mas a transfer\u00eancia da execu\u00e7\u00e3o de determinadas atividades a um particular, por tempo determinado e sob condi\u00e7\u00f5es previamente estabelecidas&#8221;, afirmou Barroso.<\/p><\/blockquote>\n<p>A\u00a0<strong>Parceira P\u00fablica Privada\u00a0(PPP) de Novas Escolas<\/strong>, proposta pelo governo de Tarc\u00edsio de Freitas (foto),<strong>\u00a0prev\u00ea que 33 unidades de ensino estaduais sejam constru\u00eddas e geridas administrativamente pela iniciativa privada<\/strong>, que ser\u00e1\u00a0respons\u00e1vel por servi\u00e7os como limpeza, manuten\u00e7\u00e3o, alimenta\u00e7\u00e3o, vigil\u00e2ncia e internet, por exemplo.<\/p>\n<p>Segundo o governo estadual, o objetivo do projeto \u00e9 modernizar a infraestrutura das escolas da rede estadual e garantir mais tempo para gestores e professores se dedicarem \u00e0s atividades pedag\u00f3gicas de ensino.<\/p>\n<p>*Com informa\u00e7\u00f5es de Ag\u00eancia Brasil<\/p>\n<\/div>\n","protected":false},"excerpt":{"rendered":"<p>Presidente da Corte suspendeu decis\u00e3o da Justi\u00e7a paulista O\u00a0presidente do Supremo Tribunal Federal (STF), ministro Lu\u00eds Roberto Barroso, liberou nesta quarta-feira (19) a continuidade da licita\u00e7\u00e3o do governo de S\u00e3o Paulo para a concess\u00e3o da gest\u00e3o de 33 escolas p\u00fablicas\u00a0\u00e0 iniciativa privada. O ministro\u00a0atendeu ao recurso protocolado pela procuradoria do estado\u00a0para derrubar uma\u00a0decis\u00e3o da Justi\u00e7a [&hellip;]<\/p>\n","protected":false},"author":1,"featured_media":23550,"comment_status":"open","ping_status":"open","sticky":false,"template":"","format":"standard","meta":{"footnotes":""},"categories":[48],"tags":[],"class_list":{"0":"post-23549","1":"post","2":"type-post","3":"status-publish","4":"format-standard","5":"has-post-thumbnail","7":"category-geral"},"_links":{"self":[{"href":"https:\/\/jm-metropole.com.br\/site\/wp-json\/wp\/v2\/posts\/23549","targetHints":{"allow":["GET"]}}],"collection":[{"href":"https:\/\/jm-metropole.com.br\/site\/wp-json\/wp\/v2\/posts"}],"about":[{"href":"https:\/\/jm-metropole.com.br\/site\/wp-json\/wp\/v2\/types\/post"}],"author":[{"embeddable":true,"href":"https:\/\/jm-metropole.com.br\/site\/wp-json\/wp\/v2\/users\/1"}],"replies":[{"embeddable":true,"href":"https:\/\/jm-metropole.com.br\/site\/wp-json\/wp\/v2\/comments?post=23549"}],"version-history":[{"count":1,"href":"https:\/\/jm-metropole.com.br\/site\/wp-json\/wp\/v2\/posts\/23549\/revisions"}],"predecessor-version":[{"id":23551,"href":"https:\/\/jm-metropole.com.br\/site\/wp-json\/wp\/v2\/posts\/23549\/revisions\/23551"}],"wp:featuredmedia":[{"embeddable":true,"href":"https:\/\/jm-metropole.com.br\/site\/wp-json\/wp\/v2\/media\/23550"}],"wp:attachment":[{"href":"https:\/\/jm-metropole.com.br\/site\/wp-json\/wp\/v2\/media?parent=23549"}],"wp:term":[{"taxonomy":"category","embeddable":true,"href":"https:\/\/jm-metropole.com.br\/site\/wp-json\/wp\/v2\/categories?post=23549"},{"taxonomy":"post_tag","embeddable":true,"href":"https:\/\/jm-metropole.com.br\/site\/wp-json\/wp\/v2\/tags?post=23549"}],"curies":[{"name":"wp","href":"https:\/\/api.w.org\/{rel}","templated":true}]}}