{"id":23546,"date":"2025-03-20T08:53:45","date_gmt":"2025-03-20T11:53:45","guid":{"rendered":"https:\/\/jm-metropole.com.br\/site\/?p=23546"},"modified":"2025-03-20T08:53:45","modified_gmt":"2025-03-20T11:53:45","slug":"operacao-cata-tralha-atendera-o-jardim-fortaleza-no-sabado-e-no-domingo","status":"publish","type":"post","link":"https:\/\/jm-metropole.com.br\/site\/operacao-cata-tralha-atendera-o-jardim-fortaleza-no-sabado-e-no-domingo\/","title":{"rendered":"Opera\u00e7\u00e3o Cata-Tralha atender\u00e1 o Jardim Fortaleza no s\u00e1bado e no domingo"},"content":{"rendered":"<p>Os caminh\u00f5es da Opera\u00e7\u00e3o Cata-Tralha de recolhimento de inserv\u00edveis como m\u00f3veis velhos, colch\u00f5es e eletrodom\u00e9sticos passar\u00e3o pelas ruas do Jardim Fortaleza no s\u00e1bado (22) e no domingo (23). O roteiro contemplar\u00e1 as mesmas ruas em ambas as datas.<\/p>\n<p>Para utilizar o servi\u00e7o oferecido pela Prefeitura de Guarulhos os moradores dos endere\u00e7os atendidos devem deixar os itens que desejam descartar na frente de suas resid\u00eancias at\u00e9 as 9h do dia da passagem do caminh\u00e3o, sem atrapalhar os pedestres e o tr\u00e2nsito.<\/p>\n<p>A Secretaria de Servi\u00e7os P\u00fablicos informa que n\u00e3o s\u00e3o recolhidos entulho, lixo dom\u00e9stico e animais mortos.<\/p>\n<p>Confira a programa\u00e7\u00e3o<\/p>\n<p>S\u00e1bado e domingo, dias 22 e 23<\/p>\n<p>Jardim Fortaleza<br \/>\nRua Adelaide de Brito Tavares, rua Adelina Bonomi, rua Adilson Charles dos Santos J\u00fanior, rua Ala\u00edde Collado Alves, rua Alberto Marqueti, rua Amadeu de Oliveira, rua Ana Maria de Jesus, rua Angelina Darca Barroso, rua Ant\u00f4nio Carlos de Souza Nito, rua Arthur Domingos Martins, rua Benedita Dias Rodrigues, rua Benedito Ramos de Azevedo, rua Charles Luiz Boattini, rua Clauvelino Lucas da Silva, rua D\u00e9bora Vasconcelos Hatje, rua Edmundo Pereira, rua Elides Maria Calegari Jacomini, rua Elyseu Peixoto da Silva, rua Fernando Pessoa, rua Francisca Luteslinda Viana, rua Francisca Maria Vieira, rua Francisco Pereira de Lima, rua Francisco Rodrigues Mendes, rua Generosa Moreira de Almeida, rua Gilberto Ramos de Azevedo, rua Girc\u00e9lio M\u00e1rcio de Carvalho, rua Guenter Stahl, rua Henrique Rodrigues Peres, rua Herm\u00ednia Biaggio Santana, rua Hil\u00e1rio Pires de Freitas, rua Hor\u00e1cio de Brito, rua H\u00e9lio de Sousa, rua In\u00e1cio Amaral de Brito J\u00fanior, rua Isabel Maria Elias, rua Ivanete de Menezes Lyra, rua Izaura Pereira do Nascimento, rua Jos\u00e9 Coutinho da Silva, rua Jos\u00e9 Kabzas, rua Jos\u00e9 Luiz Silva, rua Jos\u00e9 Tavares da Silva, rua Jos\u00e9 de Souza Mendes, rua Jovita Ana de Jesus, rua Jo\u00e3o Alves de Souza Reis Filho, pra\u00e7a Jo\u00e3o Clementino Grangeiro, avenida Jo\u00e3o Collado, rua Jo\u00e3o Tognarelli, rua Kazuko Fuji Shimizu, rua Luigi Magni, rua Luiz Caputo, rua L\u00eddia Maria Trevisan, rua L\u00facia Marie Matuura, rua Maeda Tokuo, rua Manoel Benevides de Almeida, rua Manoel Marques Braz\u00e3o, rua Maria Carolina, rua Maria Malti Felippe, rua Maria Motta Pereira, rua Maria das Dores Martins, rua Maria de F\u00e1tima Stande, rua Medeia Escardna Mariano, rua M\u00e1rio C\u00e2ndido Domingues, avenida Nair de Oliveira Costa, rua Nazarena Figueiredo Costa, rua Nicolau Felippe, rua Onildes Zanzini Pereira, rua Paulo Mendes, rua Paulo S\u00e9rgio de Abreu, avenida Prefeito Ant\u00f4nio Pratici, rua Rafael Fantazzini Neto, rua Roberto Magalh\u00e3es, rua Roberto Milit\u00e3o dos Santos, avenida Romeu Avilez, rua Sebasti\u00e3o Palmeira J\u00fanior, rua Serafina Reizzi Martello, rua Taunai Fernando de Lima, rua Teresa Rav\u00e1sio Magni, rua Tereza Jorge, rua Valdecir Manoel Ribeiro, rua Waldomiro Pereira Guimar\u00e3es, rua Wanderlei Gon\u00e7alves da Rocha, rua da Paz, estrada Velha de Nazar\u00e9 (do n\u00famero 20 ao 1.600), avenida dos Evang\u00e9licos, avenida dos Oleiros, rua \u00c2ngela Biffi Beil.<\/p>\n<p>Imagem: Jackson Argolo\/PMG<br \/>\n19\/03\/2025<\/p>\n","protected":false},"excerpt":{"rendered":"<p>Os caminh\u00f5es da Opera\u00e7\u00e3o Cata-Tralha de recolhimento de inserv\u00edveis como m\u00f3veis velhos, colch\u00f5es e eletrodom\u00e9sticos passar\u00e3o pelas ruas do Jardim Fortaleza no s\u00e1bado (22) e no domingo (23). O roteiro contemplar\u00e1 as mesmas ruas em ambas as datas. Para utilizar o servi\u00e7o oferecido pela Prefeitura de Guarulhos os moradores dos endere\u00e7os atendidos devem deixar os [&hellip;]<\/p>\n","protected":false},"author":1,"featured_media":23547,"comment_status":"open","ping_status":"open","sticky":false,"template":"","format":"standard","meta":{"footnotes":""},"categories":[3],"tags":[],"class_list":{"0":"post-23546","1":"post","2":"type-post","3":"status-publish","4":"format-standard","5":"has-post-thumbnail","7":"category-guarulhos"},"_links":{"self":[{"href":"https:\/\/jm-metropole.com.br\/site\/wp-json\/wp\/v2\/posts\/23546","targetHints":{"allow":["GET"]}}],"collection":[{"href":"https:\/\/jm-metropole.com.br\/site\/wp-json\/wp\/v2\/posts"}],"about":[{"href":"https:\/\/jm-metropole.com.br\/site\/wp-json\/wp\/v2\/types\/post"}],"author":[{"embeddable":true,"href":"https:\/\/jm-metropole.com.br\/site\/wp-json\/wp\/v2\/users\/1"}],"replies":[{"embeddable":true,"href":"https:\/\/jm-metropole.com.br\/site\/wp-json\/wp\/v2\/comments?post=23546"}],"version-history":[{"count":1,"href":"https:\/\/jm-metropole.com.br\/site\/wp-json\/wp\/v2\/posts\/23546\/revisions"}],"predecessor-version":[{"id":23548,"href":"https:\/\/jm-metropole.com.br\/site\/wp-json\/wp\/v2\/posts\/23546\/revisions\/23548"}],"wp:featuredmedia":[{"embeddable":true,"href":"https:\/\/jm-metropole.com.br\/site\/wp-json\/wp\/v2\/media\/23547"}],"wp:attachment":[{"href":"https:\/\/jm-metropole.com.br\/site\/wp-json\/wp\/v2\/media?parent=23546"}],"wp:term":[{"taxonomy":"category","embeddable":true,"href":"https:\/\/jm-metropole.com.br\/site\/wp-json\/wp\/v2\/categories?post=23546"},{"taxonomy":"post_tag","embeddable":true,"href":"https:\/\/jm-metropole.com.br\/site\/wp-json\/wp\/v2\/tags?post=23546"}],"curies":[{"name":"wp","href":"https:\/\/api.w.org\/{rel}","templated":true}]}}