{"id":23540,"date":"2025-03-19T16:55:31","date_gmt":"2025-03-19T19:55:31","guid":{"rendered":"https:\/\/jm-metropole.com.br\/site\/?p=23540"},"modified":"2025-03-19T16:55:31","modified_gmt":"2025-03-19T19:55:31","slug":"policia-prende-mais-um-envolvido-em-latrocinio-de-ciclista-em-sp","status":"publish","type":"post","link":"https:\/\/jm-metropole.com.br\/site\/policia-prende-mais-um-envolvido-em-latrocinio-de-ciclista-em-sp\/","title":{"rendered":"Pol\u00edcia prende mais um envolvido em latroc\u00ednio de ciclista em SP"},"content":{"rendered":"<div class=\"header-noticia full-width\">\n<div class=\"linha-fina-noticia\">L\u00edder da quadrilha foi presa em fevereiro<\/div>\n<\/div>\n<div class=\"container-autoria\"><\/div>\n<div>\n<p>Foi preso na manh\u00e3 desta quarta-feira (19),\u00a0<strong>o condutor da moto utilizada no latroc\u00ednio contra o ciclista Vitor Medrado<\/strong>, na regi\u00e3o do Itaim Bibi, em S\u00e3o Paulo, em 13 de fevereiro.\u00a0<img decoding=\"async\" src=\"https:\/\/agenciabrasil.ebc.com.br\/ebc.png?id=1635105&amp;o=node\" \/><img decoding=\"async\" src=\"https:\/\/agenciabrasil.ebc.com.br\/ebc.gif?id=1635105&amp;o=node\" \/><\/p>\n<p>Segundo a Pol\u00edcia Civil,\u00a0<strong>o homem, de 27 anos de idade, foi encontrado em Parais\u00f3polis<\/strong>, na zona sul, durante uma opera\u00e7\u00e3o da 1\u00aa Delegacia de Roubos e Latroc\u00ednios. O comparsa dele, respons\u00e1vel por atirar no ciclista, j\u00e1 havia sido preso h\u00e1 pouco mais de uma semana.<\/p>\n<p>Segundo a Secretaria de Seguran\u00e7a P\u00fablica de S\u00e3o Paulo (SSP-SP), ap\u00f3s uma investiga\u00e7\u00e3o minuciosa, que envolveu an\u00e1lise das c\u00e2meras de seguran\u00e7a e da rota usada pela moto, o investigado foi surpreendido pelas equipes nas primeiras horas da manh\u00e3, enquanto ainda dormia. Na casa dele foi apreendida uma arma, possivelmente usada no latroc\u00ednio contra o ciclista, que foi encaminhado \u00e0 per\u00edcia.<\/p>\n<p><strong>De acordo com os investigadores, o suspeito tem passagens criminais por tr\u00e1fico de drogas e recepta\u00e7\u00e3o.<\/strong><\/p>\n<p>\u201cFoi um trabalho conjunto que envolveu uma investiga\u00e7\u00e3o minuciosa para descobrir o paradeiro dos criminosos. Inicialmente,\u00a0<a href=\"https:\/\/agenciabrasil.ebc.com.br\/geral\/noticia\/2025-02\/policia-prende-suspeita-de-liderar-quadrilha-que-matou-ciclista-em-sp\" target=\"_blank\" rel=\"noopener\">chegamos \u00e0 l\u00edder da quadrilha<\/a>\u00a0que financiava esses crimes e, posteriormente, conseguimos identificar os respons\u00e1veis pelo latroc\u00ednio. Foi quest\u00e3o de tempo at\u00e9 conseguirmos prender os dois\u201d, disse o secret\u00e1rio da Seguran\u00e7a P\u00fablica, Guilherme Derrite.<\/p>\n<p>Segundo o delegado Ronaldo Sayeg, respons\u00e1vel pelo Departamento Estadual de Investiga\u00e7\u00f5es Criminais (Deic), pela an\u00e1lise das c\u00e2meras de seguran\u00e7a, os investigadores notaram as caracter\u00edsticas f\u00edsicas dele e perceberam que era um homem mais forte.<\/p>\n<blockquote><p>\u201cDepois, acompanhamos toda a rota realizada por essa moto, que saiu l\u00e1 de perto do parque, onde o Vitor foi morto, at\u00e9 a comunidade de Parais\u00f3polis\u201d, explicou.<\/p><\/blockquote>\n<p>Os policiais conseguiram os dados pessoais e o endere\u00e7o do investigado.\u00a0<strong>Com as provas, a Justi\u00e7a expediu o mandado de pris\u00e3o.<\/strong><\/p>\n<p>De acordo com a SSP-SP, o atirador, que estava na garupa da motocicleta, foi preso em flagrante em 8 de mar\u00e7o, ap\u00f3s roubar duas pessoas na zona oeste da capital. A pris\u00e3o n\u00e3o foi divulgada para n\u00e3o atrapalhar as investiga\u00e7\u00f5es contra o condutor da motocicleta.<\/p>\n<blockquote><p>\u201cAcredito que se ele soubesse da pris\u00e3o do atirador, o outro envolvido daria um jeito de fugir, ent\u00e3o atrapalharia uma a\u00e7\u00e3o nossa que j\u00e1 estava sendo planejada\u201d, explicou Ronaldo Sayeg.<\/p><\/blockquote>\n<p><strong>A l\u00edder da quadrilha \u00e9 conhecida como \u201cmainha do crime\u201d<\/strong>\u00a0e a suspeita \u00e9 a de que ela lidere a quadrilha que pratica roubos com uso de motocicletas na capital paulista. A investigada tamb\u00e9m \u201calugava\u201d equipamentos aos integrantes do bando, como armamentos e outros objetos. A Pol\u00edcia Civil apurou que ela est\u00e1 diretamente envolvida nesse e em outros crimes que aconteceram na cidade, que seguem em investiga\u00e7\u00e3o.<\/p>\n<p>*Com informa\u00e7\u00f5es de Ag\u00eancia Brasil<\/p>\n<\/div>\n","protected":false},"excerpt":{"rendered":"<p>L\u00edder da quadrilha foi presa em fevereiro Foi preso na manh\u00e3 desta quarta-feira (19),\u00a0o condutor da moto utilizada no latroc\u00ednio contra o ciclista Vitor Medrado, na regi\u00e3o do Itaim Bibi, em S\u00e3o Paulo, em 13 de fevereiro.\u00a0 Segundo a Pol\u00edcia Civil,\u00a0o homem, de 27 anos de idade, foi encontrado em Parais\u00f3polis, na zona sul, durante [&hellip;]<\/p>\n","protected":false},"author":1,"featured_media":23541,"comment_status":"open","ping_status":"open","sticky":false,"template":"","format":"standard","meta":{"footnotes":""},"categories":[1],"tags":[],"class_list":{"0":"post-23540","1":"post","2":"type-post","3":"status-publish","4":"format-standard","5":"has-post-thumbnail","7":"category-tudo"},"_links":{"self":[{"href":"https:\/\/jm-metropole.com.br\/site\/wp-json\/wp\/v2\/posts\/23540","targetHints":{"allow":["GET"]}}],"collection":[{"href":"https:\/\/jm-metropole.com.br\/site\/wp-json\/wp\/v2\/posts"}],"about":[{"href":"https:\/\/jm-metropole.com.br\/site\/wp-json\/wp\/v2\/types\/post"}],"author":[{"embeddable":true,"href":"https:\/\/jm-metropole.com.br\/site\/wp-json\/wp\/v2\/users\/1"}],"replies":[{"embeddable":true,"href":"https:\/\/jm-metropole.com.br\/site\/wp-json\/wp\/v2\/comments?post=23540"}],"version-history":[{"count":1,"href":"https:\/\/jm-metropole.com.br\/site\/wp-json\/wp\/v2\/posts\/23540\/revisions"}],"predecessor-version":[{"id":23542,"href":"https:\/\/jm-metropole.com.br\/site\/wp-json\/wp\/v2\/posts\/23540\/revisions\/23542"}],"wp:featuredmedia":[{"embeddable":true,"href":"https:\/\/jm-metropole.com.br\/site\/wp-json\/wp\/v2\/media\/23541"}],"wp:attachment":[{"href":"https:\/\/jm-metropole.com.br\/site\/wp-json\/wp\/v2\/media?parent=23540"}],"wp:term":[{"taxonomy":"category","embeddable":true,"href":"https:\/\/jm-metropole.com.br\/site\/wp-json\/wp\/v2\/categories?post=23540"},{"taxonomy":"post_tag","embeddable":true,"href":"https:\/\/jm-metropole.com.br\/site\/wp-json\/wp\/v2\/tags?post=23540"}],"curies":[{"name":"wp","href":"https:\/\/api.w.org\/{rel}","templated":true}]}}