{"id":23479,"date":"2025-03-17T16:52:51","date_gmt":"2025-03-17T19:52:51","guid":{"rendered":"https:\/\/jm-metropole.com.br\/site\/?p=23479"},"modified":"2025-03-17T16:52:51","modified_gmt":"2025-03-17T19:52:51","slug":"mutirao-de-estagios-mobiliza-mais-de-15-mil-jovens-no-adamastor","status":"publish","type":"post","link":"https:\/\/jm-metropole.com.br\/site\/mutirao-de-estagios-mobiliza-mais-de-15-mil-jovens-no-adamastor\/","title":{"rendered":"Mutir\u00e3o de est\u00e1gios mobiliza mais de 1,5 mil jovens no Adamastor"},"content":{"rendered":"<p>Com um total de 1.526 jovens inscritos, a Prefeitura de Guarulhos promoveu nesta segunda-feira (17) o Mutir\u00e3o +Est\u00e1gios, que disponibilizou mais de 1.500 vagas remuneradas em diversas \u00e1reas para estudantes entre 16 e 29 anos do ensino m\u00e9dio, t\u00e9cnico ou superior no Adamastor, no Macedo. O prefeito Lucas Sanches, acompanhado do vice-prefeito Thiago Surfista e do secret\u00e1rio de Direitos Humanos, Felipe Marques de Mendon\u00e7a, prestigiou o evento.<\/p>\n<p>\u201cVolto no tempo quando olho cada um de voc\u00eas e vejo quando consegui meu est\u00e1gio. Na \u00e9poca cursava faculdade e me cadastrei em uma ag\u00eancia. Entretanto, n\u00e3o fui nem sequer encaminhado para a entrevista. Depois de uns dias vi que a vaga ainda existia, procurei no Google o endere\u00e7o da empresa e fui at\u00e9 ela. L\u00e1 contei o que aconteceu e me perguntaram se seu sabia lidar com um software de desenho de projetos, o AutoCAD. Eu n\u00e3o sabia, mas pedi um prazo de dez dias. Fui aprender na faculdade e retornei l\u00e1 dez dias depois sabendo us\u00e1-lo\u201d, contou Lucas.<\/p>\n<p>A oportunidade de ingresso em uma carreira profissional, segundo o prefeito, pode aparecer e o jovem pode n\u00e3o estar totalmente habilitado. \u201cO estudante pode n\u00e3o ter as ferramentas todas, mas se prepare, corra atr\u00e1s e busque sua coloca\u00e7\u00e3o\u201d, finalizou o chefe do Executivo.<\/p>\n<p>O vice-prefeito tamb\u00e9m destacou que aos 14 anos foi aluno do Senai. \u201cA institui\u00e7\u00e3o abriu as portas na minha vida. Portanto, abracem a chance de est\u00e1gio com toda a for\u00e7a. Este projeto \u00e9 um canal aberto para gerar oportunidades \u00e0 juventude\u201d, afirmou Thiago Surfista.<\/p>\n<p>J\u00e1 o subsecret\u00e1rio Joas Rodrigues de Melo adiantou que o projeto +Est\u00e1gios ser\u00e1 bimestral. \u201cVamos fazer o mutir\u00e3o de est\u00e1gios em bairros diferentes a cada dois meses para atender estudantes de todas as regi\u00f5es da cidade. Os jovens n\u00e3o devem desistir de seus sonhos e objetivos. Basta ter foco, acreditar em si mesmo e ter determina\u00e7\u00e3o\u201d, disse Joas, que parabenizou os jovens por participarem do projeto em plena segunda-feira.<\/p>\n<p>A iniciativa da Subsecretaria da Juventude, integrante da Secretaria de Direitos Humanos, teve a parceria das empresas Nube, Super Est\u00e1gios, Belottis Est\u00e1gios, Brilho Pr\u00f3prio Est\u00e1gios, CIEE, Conecta, Ellenco Est\u00e1gios e Inter Est\u00e1gios.<\/p>\n<p>Candidatos encaminhados<\/p>\n<p>A universit\u00e1ria Naomi Mendes, de 20 anos, cursa o 4\u00ba semestre de administra\u00e7\u00e3o. \u201cTer as empresas de est\u00e1gio todas juntas num mesmo local facilita e agiliza bastante. Busco o est\u00e1gio para adquirir mais conhecimento e para colocar em pr\u00e1tica o que estou aprendendo na faculdade\u201d, disse a jovem moradora do Pimentas e que obteve no local dois encaminhamentos para entrevistas em empresas contratantes.<\/p>\n<p>Por sua vez, Ot\u00e1vio Janelli, de 20 anos, obteve tr\u00eas encaminhamentos para entrevistas. \u201cAchei o +Est\u00e1gios perfeito, maravilhoso por concentrar tudo aqui. Isto foi o que me animou a vir\u201d, revelou o aluno do 5\u00ba semestre de comunica\u00e7\u00e3o, que vive no Macedo.<\/p>\n<p>Imagem: Fabio Nunes Teixeira\/PMG<\/p>\n","protected":false},"excerpt":{"rendered":"<p>Com um total de 1.526 jovens inscritos, a Prefeitura de Guarulhos promoveu nesta segunda-feira (17) o Mutir\u00e3o +Est\u00e1gios, que disponibilizou mais de 1.500 vagas remuneradas em diversas \u00e1reas para estudantes entre 16 e 29 anos do ensino m\u00e9dio, t\u00e9cnico ou superior no Adamastor, no Macedo. O prefeito Lucas Sanches, acompanhado do vice-prefeito Thiago Surfista e [&hellip;]<\/p>\n","protected":false},"author":1,"featured_media":23480,"comment_status":"open","ping_status":"open","sticky":false,"template":"","format":"standard","meta":{"footnotes":""},"categories":[3],"tags":[],"class_list":{"0":"post-23479","1":"post","2":"type-post","3":"status-publish","4":"format-standard","5":"has-post-thumbnail","7":"category-guarulhos"},"_links":{"self":[{"href":"https:\/\/jm-metropole.com.br\/site\/wp-json\/wp\/v2\/posts\/23479","targetHints":{"allow":["GET"]}}],"collection":[{"href":"https:\/\/jm-metropole.com.br\/site\/wp-json\/wp\/v2\/posts"}],"about":[{"href":"https:\/\/jm-metropole.com.br\/site\/wp-json\/wp\/v2\/types\/post"}],"author":[{"embeddable":true,"href":"https:\/\/jm-metropole.com.br\/site\/wp-json\/wp\/v2\/users\/1"}],"replies":[{"embeddable":true,"href":"https:\/\/jm-metropole.com.br\/site\/wp-json\/wp\/v2\/comments?post=23479"}],"version-history":[{"count":1,"href":"https:\/\/jm-metropole.com.br\/site\/wp-json\/wp\/v2\/posts\/23479\/revisions"}],"predecessor-version":[{"id":23481,"href":"https:\/\/jm-metropole.com.br\/site\/wp-json\/wp\/v2\/posts\/23479\/revisions\/23481"}],"wp:featuredmedia":[{"embeddable":true,"href":"https:\/\/jm-metropole.com.br\/site\/wp-json\/wp\/v2\/media\/23480"}],"wp:attachment":[{"href":"https:\/\/jm-metropole.com.br\/site\/wp-json\/wp\/v2\/media?parent=23479"}],"wp:term":[{"taxonomy":"category","embeddable":true,"href":"https:\/\/jm-metropole.com.br\/site\/wp-json\/wp\/v2\/categories?post=23479"},{"taxonomy":"post_tag","embeddable":true,"href":"https:\/\/jm-metropole.com.br\/site\/wp-json\/wp\/v2\/tags?post=23479"}],"curies":[{"name":"wp","href":"https:\/\/api.w.org\/{rel}","templated":true}]}}