{"id":23476,"date":"2025-03-17T16:41:11","date_gmt":"2025-03-17T19:41:11","guid":{"rendered":"https:\/\/jm-metropole.com.br\/site\/?p=23476"},"modified":"2025-03-17T16:46:09","modified_gmt":"2025-03-17T19:46:09","slug":"policia-municipal-de-itaqua-deflagra-operacao-divisa-azul-em-apoio-as-forcas-de-seguranca-de-suzano-e-mogi","status":"publish","type":"post","link":"https:\/\/jm-metropole.com.br\/site\/policia-municipal-de-itaqua-deflagra-operacao-divisa-azul-em-apoio-as-forcas-de-seguranca-de-suzano-e-mogi\/","title":{"rendered":"Pol\u00edcia Municipal de Itaqu\u00e1 deflagra &#8216;Opera\u00e7\u00e3o Divisa Azul&#8217; em apoio \u00e0s for\u00e7as de seguran\u00e7a de Suzano e Mogi"},"content":{"rendered":"<p>A\u00e7\u00e3o percorreu pelo menos dez bairros de Itaqu\u00e1<\/p>\n<p>A Pol\u00edcia Municipal de Itaquaquecetuba, em parceria com as for\u00e7as de seguran\u00e7a de Suzano e Mogi das Cruzes, deflagrou, na noite de quinta-feira (13), a Opera\u00e7\u00e3o Divisa Azul.<\/p>\n<p>A a\u00e7\u00e3o conjunta teve por objetivo fortalecer o policiamento nas \u00e1reas lim\u00edtrofes, mobilizando cerca de 80 agentes e 35 viaturas para garantir maior presen\u00e7a policial nos bairros de divisa, conhecidos como tr\u00edplice fronteira, no combate a crimes como tr\u00e1fico de drogas e furtos.<\/p>\n<p>Em Itaqu\u00e1, mais de dez bairros foram percorridos com 46 abordagens a suspeitos, o que resultou na apreens\u00e3o de 690 entorpecentes, al\u00e9m da quantia de R$ 1.243,00 em esp\u00e9cie do tr\u00e1fico de drogas. Os agentes tamb\u00e9m coletaram anota\u00e7\u00f5es sobre a movimenta\u00e7\u00e3o do tr\u00e1fico, dois celulares e removeram dois ve\u00edculos ao p\u00e1tio.<\/p>\n<p>O prefeito Eduardo Boigues destacou a import\u00e2ncia da a\u00e7\u00e3o para coibir a criminalidade na regi\u00e3o. \u201cA seguran\u00e7a da popula\u00e7\u00e3o \u00e9 prioridade e a\u00e7\u00f5es integradas como a Opera\u00e7\u00e3o Divisa Azul demonstram a for\u00e7a do trabalho conjunto. A presen\u00e7a das for\u00e7as policiais nas \u00e1reas de divisa \u00e9 essencial para prevenir crimes e refor\u00e7ar a sensa\u00e7\u00e3o de seguran\u00e7a.\u201d<\/p>\n<p>O secret\u00e1rio de Seguran\u00e7a Urbana, Anderson Caldeira, tamb\u00e9m ressaltou o impacto positivo da iniciativa. \u201c\u00c9 um dia hist\u00f3rico para o Alto Tiet\u00ea. O patrulhamento intensificado e as abordagens estrat\u00e9gicas t\u00eam um papel fundamental no enfrentamento \u00e0 criminalidade\u201d, disse.<\/p>\n<p>Os casos foram registrados na Delegacia Central de Itaquaquecetuba. A Pol\u00edcia Municipal atende a popula\u00e7\u00e3o pelo 153.<\/p>\n","protected":false},"excerpt":{"rendered":"<p>A\u00e7\u00e3o percorreu pelo menos dez bairros de Itaqu\u00e1 A Pol\u00edcia Municipal de Itaquaquecetuba, em parceria com as for\u00e7as de seguran\u00e7a de Suzano e Mogi das Cruzes, deflagrou, na noite de quinta-feira (13), a Opera\u00e7\u00e3o Divisa Azul. A a\u00e7\u00e3o conjunta teve por objetivo fortalecer o policiamento nas \u00e1reas lim\u00edtrofes, mobilizando cerca de 80 agentes e 35 [&hellip;]<\/p>\n","protected":false},"author":1,"featured_media":23477,"comment_status":"open","ping_status":"open","sticky":false,"template":"","format":"standard","meta":{"footnotes":""},"categories":[6],"tags":[],"class_list":{"0":"post-23476","1":"post","2":"type-post","3":"status-publish","4":"format-standard","5":"has-post-thumbnail","7":"category-itaqua"},"_links":{"self":[{"href":"https:\/\/jm-metropole.com.br\/site\/wp-json\/wp\/v2\/posts\/23476","targetHints":{"allow":["GET"]}}],"collection":[{"href":"https:\/\/jm-metropole.com.br\/site\/wp-json\/wp\/v2\/posts"}],"about":[{"href":"https:\/\/jm-metropole.com.br\/site\/wp-json\/wp\/v2\/types\/post"}],"author":[{"embeddable":true,"href":"https:\/\/jm-metropole.com.br\/site\/wp-json\/wp\/v2\/users\/1"}],"replies":[{"embeddable":true,"href":"https:\/\/jm-metropole.com.br\/site\/wp-json\/wp\/v2\/comments?post=23476"}],"version-history":[{"count":1,"href":"https:\/\/jm-metropole.com.br\/site\/wp-json\/wp\/v2\/posts\/23476\/revisions"}],"predecessor-version":[{"id":23478,"href":"https:\/\/jm-metropole.com.br\/site\/wp-json\/wp\/v2\/posts\/23476\/revisions\/23478"}],"wp:featuredmedia":[{"embeddable":true,"href":"https:\/\/jm-metropole.com.br\/site\/wp-json\/wp\/v2\/media\/23477"}],"wp:attachment":[{"href":"https:\/\/jm-metropole.com.br\/site\/wp-json\/wp\/v2\/media?parent=23476"}],"wp:term":[{"taxonomy":"category","embeddable":true,"href":"https:\/\/jm-metropole.com.br\/site\/wp-json\/wp\/v2\/categories?post=23476"},{"taxonomy":"post_tag","embeddable":true,"href":"https:\/\/jm-metropole.com.br\/site\/wp-json\/wp\/v2\/tags?post=23476"}],"curies":[{"name":"wp","href":"https:\/\/api.w.org\/{rel}","templated":true}]}}