{"id":23473,"date":"2025-03-17T16:39:53","date_gmt":"2025-03-17T19:39:53","guid":{"rendered":"https:\/\/jm-metropole.com.br\/site\/?p=23473"},"modified":"2025-03-17T16:39:53","modified_gmt":"2025-03-17T19:39:53","slug":"fundo-social-de-solidariedade-de-aruja-forma-26-mulheres-em-curso-de-brigadeiros-gourmet","status":"publish","type":"post","link":"https:\/\/jm-metropole.com.br\/site\/fundo-social-de-solidariedade-de-aruja-forma-26-mulheres-em-curso-de-brigadeiros-gourmet\/","title":{"rendered":"FUNDO SOCIAL DE SOLIDARIEDADE DE ARUJ\u00c1 FORMA 26 MULHERES EM CURSO DE BRIGADEIROS GOURMET"},"content":{"rendered":"<p>O Fundo Social de Solidariedade de Aruj\u00e1 foi palco na tarde desta sexta-feira (14) de mais uma entrega de certificados de conclus\u00e3o \u00e0s alunas do curso de Brigadeiros Gourmet, realizado pela entidade em parceria com o Sebrae, Senac e Secretaria Municipal de Desenvolvimento Econ\u00f4mico.<\/p>\n<p>O curso, intitulado &#8220;\u201cPrepare e Venda Brigadeiros Gourmet\u201d, foi ministrado pela chef Vanessa Boeno do Senac, que entregou os certificados juntamente com a presidente do Fundo Social de Aruj\u00e1, Clau Camargo. Foi um momento muito significativo para as concluintes do curso, como Rita de F\u00e1tima Pralom, que bastante emocionada disse estar feliz pela oportunidade. &#8220;Este \u00e9 o primeiro certificado que ganhei em Aruj\u00e1 e para mim representa muito, ainda mais ap\u00f3s um momento dif\u00edcil que passei na minha vida. \u00c9, para mim, uma grande conquista&#8221;, ressaltou.<\/p>\n<p>Clau Camargo, presidente do Fundo Social de Solidariedade, destacou a import\u00e2ncia das mulheres acreditarem nelas mesmas e acordarem, todos os dias, com o pensamento de que s\u00e3o vitoriosas e conseguir\u00e3o alcan\u00e7ar os seus sonhos. &#8220;Acreditem em voc\u00eas. Somos mulheres, m\u00e3es, estudantes, trabalhadoras, temos m\u00faltiplas fun\u00e7\u00f5es, mas o mais importante \u00e9 crermos que iremos conseguir tudo aquilo que almejamos. Este curso \u00e9 apenas a primeira de uma s\u00e9rie de conquistas que voc\u00eas, com certeza, ter\u00e3o&#8221;, pontuou.<\/p>\n","protected":false},"excerpt":{"rendered":"<p>O Fundo Social de Solidariedade de Aruj\u00e1 foi palco na tarde desta sexta-feira (14) de mais uma entrega de certificados de conclus\u00e3o \u00e0s alunas do curso de Brigadeiros Gourmet, realizado pela entidade em parceria com o Sebrae, Senac e Secretaria Municipal de Desenvolvimento Econ\u00f4mico. O curso, intitulado &#8220;\u201cPrepare e Venda Brigadeiros Gourmet\u201d, foi ministrado pela [&hellip;]<\/p>\n","protected":false},"author":1,"featured_media":23474,"comment_status":"open","ping_status":"open","sticky":false,"template":"","format":"standard","meta":{"footnotes":""},"categories":[4],"tags":[],"class_list":{"0":"post-23473","1":"post","2":"type-post","3":"status-publish","4":"format-standard","5":"has-post-thumbnail","7":"category-aruja"},"_links":{"self":[{"href":"https:\/\/jm-metropole.com.br\/site\/wp-json\/wp\/v2\/posts\/23473","targetHints":{"allow":["GET"]}}],"collection":[{"href":"https:\/\/jm-metropole.com.br\/site\/wp-json\/wp\/v2\/posts"}],"about":[{"href":"https:\/\/jm-metropole.com.br\/site\/wp-json\/wp\/v2\/types\/post"}],"author":[{"embeddable":true,"href":"https:\/\/jm-metropole.com.br\/site\/wp-json\/wp\/v2\/users\/1"}],"replies":[{"embeddable":true,"href":"https:\/\/jm-metropole.com.br\/site\/wp-json\/wp\/v2\/comments?post=23473"}],"version-history":[{"count":1,"href":"https:\/\/jm-metropole.com.br\/site\/wp-json\/wp\/v2\/posts\/23473\/revisions"}],"predecessor-version":[{"id":23475,"href":"https:\/\/jm-metropole.com.br\/site\/wp-json\/wp\/v2\/posts\/23473\/revisions\/23475"}],"wp:featuredmedia":[{"embeddable":true,"href":"https:\/\/jm-metropole.com.br\/site\/wp-json\/wp\/v2\/media\/23474"}],"wp:attachment":[{"href":"https:\/\/jm-metropole.com.br\/site\/wp-json\/wp\/v2\/media?parent=23473"}],"wp:term":[{"taxonomy":"category","embeddable":true,"href":"https:\/\/jm-metropole.com.br\/site\/wp-json\/wp\/v2\/categories?post=23473"},{"taxonomy":"post_tag","embeddable":true,"href":"https:\/\/jm-metropole.com.br\/site\/wp-json\/wp\/v2\/tags?post=23473"}],"curies":[{"name":"wp","href":"https:\/\/api.w.org\/{rel}","templated":true}]}}