{"id":23467,"date":"2025-03-17T14:40:59","date_gmt":"2025-03-17T17:40:59","guid":{"rendered":"https:\/\/jm-metropole.com.br\/site\/?p=23467"},"modified":"2025-03-17T14:40:59","modified_gmt":"2025-03-17T17:40:59","slug":"em-2-horas-receita-recebe-mais-de-162-mil-declaracoes-do-irpf","status":"publish","type":"post","link":"https:\/\/jm-metropole.com.br\/site\/em-2-horas-receita-recebe-mais-de-162-mil-declaracoes-do-irpf\/","title":{"rendered":"Em 2 horas, Receita recebe mais de 162 mil declara\u00e7\u00f5es do IRPF"},"content":{"rendered":"<p>Prazo para entrega termina \u00e0s 23h59 do dia de 30 de maio<\/p>\n<p>A\u00a0<strong>Receita Federal recebeu 162.350 declara\u00e7\u00f5es do Imposto de Renda da Pessoa F\u00edsica (IRPF) de 2025 at\u00e9 as 10h desta segunda-feira (17)<\/strong>, primeiro dia para a entrega do documento, que considera os rendimentos recebidos ao longo de 2024.\u00a0<img decoding=\"async\" src=\"https:\/\/agenciabrasil.ebc.com.br\/ebc.png?id=1634809&amp;o=node\" \/><img decoding=\"async\" src=\"https:\/\/agenciabrasil.ebc.com.br\/ebc.gif?id=1634809&amp;o=node\" \/><\/p>\n<p>O prazo para entregar a declara\u00e7\u00e3o termina \u00e0s 23h59 do dia de 30 de maio.\u00a0<a href=\"https:\/\/www.gov.br\/receitafederal\/pt-br\" target=\"_blank\" rel=\"noopener\">O programa gerador da declara\u00e7\u00e3o<\/a>\u00a0est\u00e1 dispon\u00edvel desde quinta-feira (13).<\/p>\n<p>A Receita Federal calcula receber 46,2 milh\u00f5es de declara\u00e7\u00f5es do Imposto de Renda da Pessoa F\u00edsica este ano, o que\u00a0<strong>representar\u00e1 um acr\u00e9scimo de quase 7%<\/strong>, na compara\u00e7\u00e3o com 2024, quando foram entregues 43,2 milh\u00f5es de declara\u00e7\u00f5es.<\/p>\n<p><strong>As pessoas f\u00edsicas que receberam rendimentos tribut\u00e1veis acima de R$ 33.888, assim como aquelas que obtiveram receita bruta da atividade rural acima de R$ 169.440, s\u00e3o obrigadas a declarar.<\/strong>\u00a0As pessoas que receberam at\u00e9 dois sal\u00e1rios m\u00ednimos mensais durante 2024 est\u00e3o dispensadas de fazer a declara\u00e7\u00e3o, salvo se se enquadrarem em outro crit\u00e9rio de obrigatoriedade.<\/p>\n<p><strong>A Receita recomenda que os contribuintes organizem seus documentos com anteced\u00eancia, para evitar contratempos no envio da declara\u00e7\u00e3o.<\/strong><\/p>\n<p><strong>Quem n\u00e3o entregar no prazo fixado, est\u00e1 sujeito a multa m\u00ednima de R$ 165,74<\/strong>\u00a0e a um valor m\u00e1ximo correspondente a 20% do imposto devido.<\/p>\n<h2>1\u00ba de abril<\/h2>\n<p>Neste primeiro momento, os\u00a0<strong>contribuintes n\u00e3o ter\u00e3o a declara\u00e7\u00e3o pr\u00e9-preenchida para agilizar a entrega<\/strong>. De acordo com a Receita Federal, o preenchimento dos campos do documento come\u00e7a a ser implementado nesta segunda-feira, com a importa\u00e7\u00e3o dos dados, e somente estar\u00e1 dispon\u00edvel ao p\u00fablico em 1\u00ba de abril. A data \u00e9 a mesma da libera\u00e7\u00e3o do programa de preenchimento e entrega online e por dispositivos m\u00f3veis pelo\u00a0<a href=\"https:\/\/www.gov.br\/receitafederal\/pt-br\/assuntos\/meu-imposto-de-renda\" target=\"_blank\" rel=\"noopener\">aplicativo Meu Imposto de Renda<\/a>.<\/p>\n<p>O acesso ao Meu Imposto de Renda exigir\u00e1 autentica\u00e7\u00e3o via plataforma\u00a0<a href=\"https:\/\/www.gov.br\/pt-br\" target=\"_blank\" rel=\"noopener\">Gov.BR<\/a>, n\u00edveis ouro ou prata, com acesso\u00a0<strong>por meio da p\u00e1gina da Receita e-CAC<\/strong>, qualquer navegador ou aplicativo da Receita Federal.<\/p>\n<p>O contribuinte que optar pela declara\u00e7\u00e3o pr\u00e9-preenchida, ap\u00f3s 1\u00ba de abril,\u00a0<strong>tem prioridade na hora de receber a restitui\u00e7\u00e3o<\/strong>.<\/p>\n<h2>Restitui\u00e7\u00f5es<\/h2>\n<p><strong>As restitui\u00e7\u00f5es ser\u00e3o liberadas tamb\u00e9m a partir de 30 de maio, em cinco lotes, at\u00e9 30 de setembro.<\/strong><\/p>\n<p>Na libera\u00e7\u00e3o de restitui\u00e7\u00f5es, ap\u00f3s as prioridades previstas em lei &#8211; idosos e pessoas com defici\u00eancia -,\u00a0<strong>quem fizer a declara\u00e7\u00e3o pr\u00e9-preenchida e optar pelo recebimento da restitui\u00e7\u00e3o por Pix deve receber mais rapidamente<\/strong>.<\/p>\n<p>Dentro de cada grupo, a regra geral \u00e9 a de que aqueles que enviam a declara\u00e7\u00e3o mais cedo recebem a restitui\u00e7\u00e3o primeiro.\u00a0<strong>As consultas \u00e0 restitui\u00e7\u00e3o devem ser feitas no site da Receita Federal ou no aplicativo.<\/strong><\/p>\n<p><strong>Confira a ordem de prioridades nas restitui\u00e7\u00f5es:<\/strong><\/p>\n<ul>\n<li>idade igual ou superior a 80 anos;<\/li>\n<li>idade igual ou superior a 60 anos, deficientes e portadores de mol\u00e9stia grave;<\/li>\n<li>pessoa que tenha maior fonte de renda vinda do magist\u00e9rio;<\/li>\n<li>quem usou a declara\u00e7\u00e3o pr\u00e9-preenchida e optou pela restitui\u00e7\u00e3o no Pix;<\/li>\n<li>quem usou a declara\u00e7\u00e3o pr\u00e9-preenchida ou optou pela restitui\u00e7\u00e3o no Pix;<\/li>\n<li>demais contribuintes.<\/li>\n<li>*Com informa\u00e7\u00f5es de Ag\u00eancia Brasil<\/li>\n<\/ul>\n","protected":false},"excerpt":{"rendered":"<p>Prazo para entrega termina \u00e0s 23h59 do dia de 30 de maio A\u00a0Receita Federal recebeu 162.350 declara\u00e7\u00f5es do Imposto de Renda da Pessoa F\u00edsica (IRPF) de 2025 at\u00e9 as 10h desta segunda-feira (17), primeiro dia para a entrega do documento, que considera os rendimentos recebidos ao longo de 2024.\u00a0 O prazo para entregar a declara\u00e7\u00e3o [&hellip;]<\/p>\n","protected":false},"author":1,"featured_media":23468,"comment_status":"open","ping_status":"open","sticky":false,"template":"","format":"standard","meta":{"footnotes":""},"categories":[1],"tags":[],"class_list":{"0":"post-23467","1":"post","2":"type-post","3":"status-publish","4":"format-standard","5":"has-post-thumbnail","7":"category-tudo"},"_links":{"self":[{"href":"https:\/\/jm-metropole.com.br\/site\/wp-json\/wp\/v2\/posts\/23467","targetHints":{"allow":["GET"]}}],"collection":[{"href":"https:\/\/jm-metropole.com.br\/site\/wp-json\/wp\/v2\/posts"}],"about":[{"href":"https:\/\/jm-metropole.com.br\/site\/wp-json\/wp\/v2\/types\/post"}],"author":[{"embeddable":true,"href":"https:\/\/jm-metropole.com.br\/site\/wp-json\/wp\/v2\/users\/1"}],"replies":[{"embeddable":true,"href":"https:\/\/jm-metropole.com.br\/site\/wp-json\/wp\/v2\/comments?post=23467"}],"version-history":[{"count":1,"href":"https:\/\/jm-metropole.com.br\/site\/wp-json\/wp\/v2\/posts\/23467\/revisions"}],"predecessor-version":[{"id":23469,"href":"https:\/\/jm-metropole.com.br\/site\/wp-json\/wp\/v2\/posts\/23467\/revisions\/23469"}],"wp:featuredmedia":[{"embeddable":true,"href":"https:\/\/jm-metropole.com.br\/site\/wp-json\/wp\/v2\/media\/23468"}],"wp:attachment":[{"href":"https:\/\/jm-metropole.com.br\/site\/wp-json\/wp\/v2\/media?parent=23467"}],"wp:term":[{"taxonomy":"category","embeddable":true,"href":"https:\/\/jm-metropole.com.br\/site\/wp-json\/wp\/v2\/categories?post=23467"},{"taxonomy":"post_tag","embeddable":true,"href":"https:\/\/jm-metropole.com.br\/site\/wp-json\/wp\/v2\/tags?post=23467"}],"curies":[{"name":"wp","href":"https:\/\/api.w.org\/{rel}","templated":true}]}}