{"id":23449,"date":"2025-03-17T08:20:27","date_gmt":"2025-03-17T11:20:27","guid":{"rendered":"https:\/\/jm-metropole.com.br\/site\/?p=23449"},"modified":"2025-03-17T08:20:27","modified_gmt":"2025-03-17T11:20:27","slug":"brasil-comemora-40-anos-de-democracia","status":"publish","type":"post","link":"https:\/\/jm-metropole.com.br\/site\/brasil-comemora-40-anos-de-democracia\/","title":{"rendered":"Brasil comemora 40 anos de democracia"},"content":{"rendered":"<p>Autoridades, acad\u00eamicos e ex-chefes de Estado, se reuniram\u00a0na Pra\u00e7a dos Tr\u00eas Poderes, para celebrar e comemorar os 40 anos de redemocratiza\u00e7\u00e3o do Brasil.<\/p>\n<p>De acordo com eles, o olhar da sociedade deve estar voltado para a manuten\u00e7\u00e3o da estabilidade pol\u00edtica no pa\u00eds. \u201cNossa democracia amadureceu, mas precisa ser protegida&#8221;. &#8220;Devemos continuar a exigir a profundidade do processo democr\u00e1tico e garantir que ele nunca seja interrompido. O pre\u00e7o da liberdade \u00e9 a eterna vigil\u00e2ncia\u201d, disse Jos\u00e9 Sarney, o primeiro a assumir a Presid\u00eancia da Rep\u00fablica ap\u00f3s os 21 anos de ditadura militar.<\/p>\n<p>Participantes do evento apoiado pelo Correio tamb\u00e9m destacaram a import\u00e2ncia da igualdade de g\u00eanero, a redu\u00e7\u00e3o das desigualdades e o combate ao \u00f3dio pol\u00edtico como condi\u00e7\u00f5es indispens\u00e1veis para evitar novos retrocessos.<\/p>\n","protected":false},"excerpt":{"rendered":"<p>Autoridades, acad\u00eamicos e ex-chefes de Estado, se reuniram\u00a0na Pra\u00e7a dos Tr\u00eas Poderes, para celebrar e comemorar os 40 anos de redemocratiza\u00e7\u00e3o do Brasil. De acordo com eles, o olhar da sociedade deve estar voltado para a manuten\u00e7\u00e3o da estabilidade pol\u00edtica no pa\u00eds. \u201cNossa democracia amadureceu, mas precisa ser protegida&#8221;. &#8220;Devemos continuar a exigir a profundidade [&hellip;]<\/p>\n","protected":false},"author":1,"featured_media":23450,"comment_status":"open","ping_status":"open","sticky":false,"template":"","format":"standard","meta":{"footnotes":""},"categories":[48],"tags":[],"class_list":{"0":"post-23449","1":"post","2":"type-post","3":"status-publish","4":"format-standard","5":"has-post-thumbnail","7":"category-geral"},"_links":{"self":[{"href":"https:\/\/jm-metropole.com.br\/site\/wp-json\/wp\/v2\/posts\/23449","targetHints":{"allow":["GET"]}}],"collection":[{"href":"https:\/\/jm-metropole.com.br\/site\/wp-json\/wp\/v2\/posts"}],"about":[{"href":"https:\/\/jm-metropole.com.br\/site\/wp-json\/wp\/v2\/types\/post"}],"author":[{"embeddable":true,"href":"https:\/\/jm-metropole.com.br\/site\/wp-json\/wp\/v2\/users\/1"}],"replies":[{"embeddable":true,"href":"https:\/\/jm-metropole.com.br\/site\/wp-json\/wp\/v2\/comments?post=23449"}],"version-history":[{"count":1,"href":"https:\/\/jm-metropole.com.br\/site\/wp-json\/wp\/v2\/posts\/23449\/revisions"}],"predecessor-version":[{"id":23451,"href":"https:\/\/jm-metropole.com.br\/site\/wp-json\/wp\/v2\/posts\/23449\/revisions\/23451"}],"wp:featuredmedia":[{"embeddable":true,"href":"https:\/\/jm-metropole.com.br\/site\/wp-json\/wp\/v2\/media\/23450"}],"wp:attachment":[{"href":"https:\/\/jm-metropole.com.br\/site\/wp-json\/wp\/v2\/media?parent=23449"}],"wp:term":[{"taxonomy":"category","embeddable":true,"href":"https:\/\/jm-metropole.com.br\/site\/wp-json\/wp\/v2\/categories?post=23449"},{"taxonomy":"post_tag","embeddable":true,"href":"https:\/\/jm-metropole.com.br\/site\/wp-json\/wp\/v2\/tags?post=23449"}],"curies":[{"name":"wp","href":"https:\/\/api.w.org\/{rel}","templated":true}]}}