{"id":23424,"date":"2025-03-12T08:56:49","date_gmt":"2025-03-12T11:56:49","guid":{"rendered":"https:\/\/jm-metropole.com.br\/site\/?p=23424"},"modified":"2025-03-12T08:56:49","modified_gmt":"2025-03-12T11:56:49","slug":"romu-e-romo-capturam-dois-foragidos-da-justica-por-trafico-de-drogas","status":"publish","type":"post","link":"https:\/\/jm-metropole.com.br\/site\/romu-e-romo-capturam-dois-foragidos-da-justica-por-trafico-de-drogas\/","title":{"rendered":"Romu e Romo capturam dois foragidos da Justi\u00e7a por tr\u00e1fico de drogas"},"content":{"rendered":"<p>Casos ocorreram na quarta e na sexta-feira (05 e 07\/03) da \u00faltima semana e foram encaminhados para a Delegacia de Pol\u00edcia Central<\/p>\n<p>A Guarda Civil Municipal (GCM) de Suzano capturou na quarta e sexta-feira da \u00faltima semana (05 e 07\/03) dois foragidos da Justi\u00e7a que foram condenados pelos crimes de tr\u00e1fico de entorpecentes. Os casos foram atendidos pela Ronda Ostensiva Municipal (Romu) e pela Ronda Ostensiva com Motocicleta (Romo) e foram encaminhados para a Delegacia de Pol\u00edcia Central.<\/p>\n<p>Na primeira a\u00e7\u00e3o, os agentes promoviam patrulhamento pelo Jardim Suzan\u00f3polis quando perceberam um homem em atitude suspeita na rua Ant\u00f4nia Bocuzzi Lopes, por volta das 22 horas. O indiv\u00edduo ainda tentou se esconder, mas acabou sendo alcan\u00e7ado pelos guardas da Romu.<\/p>\n<p>Abordado, o homem tentou despistar sua identidade ao dar o nome de um familiar, por\u00e9m, momentos depois, forneceu os dados corretos e os GCMs receberam a informa\u00e7\u00e3o de que ele havia se beneficiado da sa\u00edda tempor\u00e1ria de fim de ano, mas n\u00e3o retornou ao pres\u00eddio onde cumpre pena em regime semiaberto por tr\u00e1fico de entorpecentes.<\/p>\n<p>Dois dias depois, \u00e0s 18 horas, no Parque Buenos Aires, agentes da Romo faziam uma ronda pelo bairro e abordaram um indiv\u00edduo em atitude suspeita na rua Sebasti\u00e3o Moreira, pr\u00f3ximo \u00e0 via f\u00e9rrea. Ao verificar a identidade do homem, os guardas confirmaram que havia um mandado de pris\u00e3o contra ele pelo crime de tr\u00e1fico de drogas. Ele foi detido e levado \u00e0 Pol\u00edcia Civil.<\/p>\n<p>O secret\u00e1rio municipal de Seguran\u00e7a Cidad\u00e3, Francisco Balbino, parabenizou as ocorr\u00eancias atendidas pelos dois grupamentos. \u201cForam duas a\u00e7\u00f5es que, embora pare\u00e7am simples, s\u00e3o de grande import\u00e2ncia, porque retiramos das ruas dois foragidos da Justi\u00e7a que precisam cumprir suas penas antes de voltarem \u00e0 conviv\u00eancia em sociedade. Parabenizo a Romo e a Romu pelo resultado das ocorr\u00eancias e seguiremos trabalhando para prestar um servi\u00e7o cada vez melhor \u00e0 popula\u00e7\u00e3o\u201d, informou o chefe da pasta.<\/p>\n<p>A GCM de Suzano atende pelos telefones 153 e (11) 4746-3297, al\u00e9m da Base Operacional GCM Jose Inacio (estrada dos Fernandes, 2.590 &#8211; Jardim Casa Branca); da Base Operacional Jardim Boa Vista (avenida Katsutoshi Naito, 957 &#8211; Sesc); da base central (rua Alfredo Batista Pizzolato, 599 &#8211; Vila Figueira); da base do Parque Municipal Max Feffer (Senador Roberto Simonsen, 90 &#8211; Jardim Imperador); e da Base de Seguran\u00e7a Integrada (BSI) da Pra\u00e7a Jo\u00e3o Pessoa, no centro.<\/p>\n<p>Cr\u00e9dito das fotos: Divulga\u00e7\u00e3o\/Secop Suzano<\/p>\n","protected":false},"excerpt":{"rendered":"<p>Casos ocorreram na quarta e na sexta-feira (05 e 07\/03) da \u00faltima semana e foram encaminhados para a Delegacia de Pol\u00edcia Central A Guarda Civil Municipal (GCM) de Suzano capturou na quarta e sexta-feira da \u00faltima semana (05 e 07\/03) dois foragidos da Justi\u00e7a que foram condenados pelos crimes de tr\u00e1fico de entorpecentes. Os casos [&hellip;]<\/p>\n","protected":false},"author":1,"featured_media":23425,"comment_status":"open","ping_status":"open","sticky":false,"template":"","format":"standard","meta":{"footnotes":""},"categories":[9],"tags":[],"class_list":{"0":"post-23424","1":"post","2":"type-post","3":"status-publish","4":"format-standard","5":"has-post-thumbnail","7":"category-suzano"},"_links":{"self":[{"href":"https:\/\/jm-metropole.com.br\/site\/wp-json\/wp\/v2\/posts\/23424","targetHints":{"allow":["GET"]}}],"collection":[{"href":"https:\/\/jm-metropole.com.br\/site\/wp-json\/wp\/v2\/posts"}],"about":[{"href":"https:\/\/jm-metropole.com.br\/site\/wp-json\/wp\/v2\/types\/post"}],"author":[{"embeddable":true,"href":"https:\/\/jm-metropole.com.br\/site\/wp-json\/wp\/v2\/users\/1"}],"replies":[{"embeddable":true,"href":"https:\/\/jm-metropole.com.br\/site\/wp-json\/wp\/v2\/comments?post=23424"}],"version-history":[{"count":1,"href":"https:\/\/jm-metropole.com.br\/site\/wp-json\/wp\/v2\/posts\/23424\/revisions"}],"predecessor-version":[{"id":23426,"href":"https:\/\/jm-metropole.com.br\/site\/wp-json\/wp\/v2\/posts\/23424\/revisions\/23426"}],"wp:featuredmedia":[{"embeddable":true,"href":"https:\/\/jm-metropole.com.br\/site\/wp-json\/wp\/v2\/media\/23425"}],"wp:attachment":[{"href":"https:\/\/jm-metropole.com.br\/site\/wp-json\/wp\/v2\/media?parent=23424"}],"wp:term":[{"taxonomy":"category","embeddable":true,"href":"https:\/\/jm-metropole.com.br\/site\/wp-json\/wp\/v2\/categories?post=23424"},{"taxonomy":"post_tag","embeddable":true,"href":"https:\/\/jm-metropole.com.br\/site\/wp-json\/wp\/v2\/tags?post=23424"}],"curies":[{"name":"wp","href":"https:\/\/api.w.org\/{rel}","templated":true}]}}