{"id":23412,"date":"2025-03-11T18:27:52","date_gmt":"2025-03-11T21:27:52","guid":{"rendered":"https:\/\/jm-metropole.com.br\/site\/?p=23412"},"modified":"2025-03-11T18:27:52","modified_gmt":"2025-03-11T21:27:52","slug":"linha-dura-contra-o-crime-prefeito-do-pl-zera-feminicidio-em-cidade-de-meio-milhao-de-habitantes-alto-tiete-registra-200-de-aumento","status":"publish","type":"post","link":"https:\/\/jm-metropole.com.br\/site\/linha-dura-contra-o-crime-prefeito-do-pl-zera-feminicidio-em-cidade-de-meio-milhao-de-habitantes-alto-tiete-registra-200-de-aumento\/","title":{"rendered":"Linha dura contra o crime, prefeito do PL zera feminic\u00eddio em cidade de meio milh\u00e3o de habitantes; Alto Tiet\u00ea registra 200% de aumento"},"content":{"rendered":"<p>Administrada pelo Delegado Eduardo Boigues, Itaquaquecetuba-SP n\u00e3o teve nenhum assassinato por viol\u00eancia de g\u00eanero em janeiro de 2025, segundo dados da Delegacia de Defesa da Mulher (DDM) da cidade<\/p>\n<p>Mar\u00e7o \u00e9 marcado pelo Dia Internacional da Mulher (8\/3), o que gera grande movimento pelo Pa\u00eds por parte da sociedade e dos poderes constitu\u00eddos na luta contra a viol\u00eancia dom\u00e9stica. Entre as administra\u00e7\u00f5es municipais, Itaquaquecetuba-SP tem evolu\u00eddo neste quesito nos \u00faltimos anos. Enquanto o Alto Tiet\u00ea registrou aumento de 200% no n\u00famero de feminic\u00eddio em janeiro de 2025 \u2013 no comparativo com o mesmo per\u00edodo do ano passado &#8211; a cidade de meio milh\u00e3o de habitantes ficou de fora das estat\u00edsticas.<\/p>\n<p>De acordo com o Sistema Nacional de Informa\u00e7\u00f5es de Seguran\u00e7a P\u00fablica (Sinesp), o Brasil registra cerca de 1 mil assassinatos de mulheres por ano. At\u00e9 outubro de 2024, foram 1.128 os feminic\u00eddios no Pa\u00eds. No estado de S\u00e3o Paulo, durante o primeiro m\u00eas de 2025, houve a ocorr\u00eancia de 22 mortes por viol\u00eancia de g\u00eanero, segundo dados da Secretaria da Seguran\u00e7a P\u00fablica (https:\/\/www.ssp.sp.gov.br\/estatistica\/violencia-contra-a-mulher). No Alto Tiet\u00ea, regi\u00e3o metropolitana onde est\u00e1 inserida Itaqu\u00e1, os casos de feminic\u00eddio aumentaram 200% &#8211; resultado da compara\u00e7\u00e3o das ocorr\u00eancias de janeiro de 2025 com o mesmo per\u00edodo de 2024.<\/p>\n<p>Munic\u00edpio de meio milh\u00e3o de habitantes e governado pelo Delegado Eduardo Boigues (PL), Itaqu\u00e1 zerou o n\u00famero de assassinatos por viol\u00eancia de g\u00eanero em janeiro de 2025. Al\u00e9m disso, tem apresentado melhora nos \u00edndices de janeiro de anos anteriores. Em 2021, por exemplo, primeiro ano de gest\u00e3o do liberal \u00e0 frente da Prefeitura, ocorreu um caso desta natureza. Em 2023, a cidade n\u00e3o teve nenhum feminic\u00eddio. Em 2024, foram duas as ocorr\u00eancias deste tipo de crime. Os dados s\u00e3o da Delegacia de Defesa da Mulher (DDM) de Itaquaquecetuba.<\/p>\n<p>Cumprindo o segundo mandato no Poder Executivo e reconhecido como linha dura contra o crime, Boigues credita a baixa no munic\u00edpio \u00e0 ado\u00e7\u00e3o de pol\u00edticas p\u00fablicas voltadas para o tema e a equipamentos de assist\u00eancia implementados especialmente para a prote\u00e7\u00e3o e o acolhimento da popula\u00e7\u00e3o feminina.<\/p>\n<p>Entre as conquistas da gest\u00e3o do liberal est\u00e1 a Delegacia de Defesa da Mulher (DDM). O Estado atendeu ao pleito do prefeito e abriu na cidade, em mar\u00e7o de 2021, a unidade especializada. Boigues lembra que esta era uma demanda antiga, a qual defendia desde quando atuava como delegado de Pol\u00edcia em Itaqu\u00e1, muito antes de entrar para a Pol\u00edtica.<\/p>\n<p>Ainda na \u00e1rea da Seguran\u00e7a, Itaquaquecetuba conta com a Ronda de Prote\u00e7\u00e3o \u00e0 Mulher, realizada pela Pol\u00edcia Municipal (antiga GCM &#8211; Guarda Civil Municipal) no acompanhamento de mulheres com medidas protetivas.<\/p>\n<p>\u201cBot\u00e3o do P\u00e2nico\u201d<br \/>\nPara conceder mais agilidade aos chamados de socorro, outro servi\u00e7o disponibilizado pela Prefeitura de Itaqu\u00e1 ao p\u00fablico feminino \u00e9 o \u201cBot\u00e3o do P\u00e2nico\u201d &#8211; aplicativo que, ao ser acionado, envia a localiza\u00e7\u00e3o da v\u00edtima diretamente para a Pol\u00edcia Municipal em tempo real.<\/p>\n<p>J\u00e1 em julho de 2024, Boigues inaugurou a Casa da Mulher. Administrada pela Secretaria Municipal da Mulher, Direitos Humanos e Cidadania, a estrutura oferece acolhimento, qualifica\u00e7\u00e3o profissional, suporte jur\u00eddico e apoio psicol\u00f3gico para v\u00edtimas de viol\u00eancia. A capacidade \u00e9 para 450 atendimentos, m\u00eas.<\/p>\n<p>De forma conjunta com o Fundo Social de Solidariedade, a Secretaria da Mulher ainda mant\u00e9m a Casa de Cursos, que oferece, de gra\u00e7a, capacita\u00e7\u00e3o para a emancipa\u00e7\u00e3o financeira do p\u00fablico feminino.<\/p>\n<p>Luiza Brunet<br \/>\nSegundo Boigues, os esfor\u00e7os em promover a prote\u00e7\u00e3o e a conscientiza\u00e7\u00e3o da mulher s\u00e3o constantes em Itaqu\u00e1. Uma das iniciativas acontece, por exemplo, nesta sexta-feira (14\/3), no Itaqu\u00e1 Park Shopping:<\/p>\n<p>\u201cAtivista na luta contra a viol\u00eancia de g\u00eanero, a atriz e modelo Luiza Brunet estar\u00e1 na cidade para ministrar uma palestra sobre o tema. A realiza\u00e7\u00e3o \u00e9 do Fundo Social\u201d, adianta o prefeito.<\/p>\n<p>Beneficente e por ades\u00e3o, o evento \u201cElas por Elas &#8211; Ouvir, Sentir e Agir\u201d tamb\u00e9m contar\u00e1 com a exposi\u00e7\u00e3o da primeira-dama de Itaqu\u00e1, Mila Prates Boigues; da secret\u00e1ria municipal da Mulher, Hadla Issa, da assistente social Patr\u00edcia Ianda; da coach Ana Cl\u00e1udia Viana; e da advogada Dana Vidal Costa.<\/p>\n","protected":false},"excerpt":{"rendered":"<p>Administrada pelo Delegado Eduardo Boigues, Itaquaquecetuba-SP n\u00e3o teve nenhum assassinato por viol\u00eancia de g\u00eanero em janeiro de 2025, segundo dados da Delegacia de Defesa da Mulher (DDM) da cidade Mar\u00e7o \u00e9 marcado pelo Dia Internacional da Mulher (8\/3), o que gera grande movimento pelo Pa\u00eds por parte da sociedade e dos poderes constitu\u00eddos na luta [&hellip;]<\/p>\n","protected":false},"author":1,"featured_media":23413,"comment_status":"open","ping_status":"open","sticky":false,"template":"","format":"standard","meta":{"footnotes":""},"categories":[6],"tags":[],"class_list":{"0":"post-23412","1":"post","2":"type-post","3":"status-publish","4":"format-standard","5":"has-post-thumbnail","7":"category-itaqua"},"_links":{"self":[{"href":"https:\/\/jm-metropole.com.br\/site\/wp-json\/wp\/v2\/posts\/23412","targetHints":{"allow":["GET"]}}],"collection":[{"href":"https:\/\/jm-metropole.com.br\/site\/wp-json\/wp\/v2\/posts"}],"about":[{"href":"https:\/\/jm-metropole.com.br\/site\/wp-json\/wp\/v2\/types\/post"}],"author":[{"embeddable":true,"href":"https:\/\/jm-metropole.com.br\/site\/wp-json\/wp\/v2\/users\/1"}],"replies":[{"embeddable":true,"href":"https:\/\/jm-metropole.com.br\/site\/wp-json\/wp\/v2\/comments?post=23412"}],"version-history":[{"count":1,"href":"https:\/\/jm-metropole.com.br\/site\/wp-json\/wp\/v2\/posts\/23412\/revisions"}],"predecessor-version":[{"id":23414,"href":"https:\/\/jm-metropole.com.br\/site\/wp-json\/wp\/v2\/posts\/23412\/revisions\/23414"}],"wp:featuredmedia":[{"embeddable":true,"href":"https:\/\/jm-metropole.com.br\/site\/wp-json\/wp\/v2\/media\/23413"}],"wp:attachment":[{"href":"https:\/\/jm-metropole.com.br\/site\/wp-json\/wp\/v2\/media?parent=23412"}],"wp:term":[{"taxonomy":"category","embeddable":true,"href":"https:\/\/jm-metropole.com.br\/site\/wp-json\/wp\/v2\/categories?post=23412"},{"taxonomy":"post_tag","embeddable":true,"href":"https:\/\/jm-metropole.com.br\/site\/wp-json\/wp\/v2\/tags?post=23412"}],"curies":[{"name":"wp","href":"https:\/\/api.w.org\/{rel}","templated":true}]}}