{"id":23406,"date":"2025-03-11T18:24:18","date_gmt":"2025-03-11T21:24:18","guid":{"rendered":"https:\/\/jm-metropole.com.br\/site\/?p=23406"},"modified":"2025-03-11T18:24:18","modified_gmt":"2025-03-11T21:24:18","slug":"mais-uma-vez-aruja-e-destaque-em-campanha-de-vacinacao","status":"publish","type":"post","link":"https:\/\/jm-metropole.com.br\/site\/mais-uma-vez-aruja-e-destaque-em-campanha-de-vacinacao\/","title":{"rendered":"Mais uma vez, Aruj\u00e1 \u00e9 destaque em campanha de vacina\u00e7\u00e3o"},"content":{"rendered":"<p>Aruj\u00e1 segue sendo refer\u00eancia nas campanhas de vacina\u00e7\u00e3o! Desta vez, a cidade lidera a vacina\u00e7\u00e3o contra a dengue na regi\u00e3o do Alto Tiet\u00ea, com uma taxa de 62,36% para a aplica\u00e7\u00e3o da primeira dose do imunizante, superando a m\u00e9dia estadual, que \u00e9 de 27,91%, demonstrando a efici\u00eancia da equipe respons\u00e1vel e a boa conscientiza\u00e7\u00e3o desenvolvida na popula\u00e7\u00e3o arujaense. No que diz respeito \u00e0 segunda dose da vacina, Aruj\u00e1 tamb\u00e9m segue no topo, com 28,62% de suas crian\u00e7as e adolescentes imunizados.<\/p>\n<p>Durante a pandemia de Covid-19, Aruj\u00e1 j\u00e1 havia sido refer\u00eancia no cen\u00e1rio nacional com a campanha de vacina\u00e7\u00e3o, promovida pela Secretaria Municipal de Sa\u00fade, contra a doen\u00e7a que assolou o planeta, ficando em 50\u00b0 lugar no ranking da vacina\u00e7\u00e3o Covid entre as cidades brasileiras de seu porte, conforme levantamento do Centro de Lideran\u00e7a P\u00fablica (CLP) divulgado na ocasi\u00e3o.<\/p>\n<p>A campanha de imuniza\u00e7\u00e3o contra a dengue visa proteger crian\u00e7as e adolescentes entre 10 e 14 anos. Os respons\u00e1veis podem procurar a Unidade B\u00e1sica de Sa\u00fade (UBS) mais pr\u00f3xima de casa, levando os jovens munidos de RG e CPF ou Certid\u00e3o de Nascimento e carteirinha de vacina\u00e7\u00e3o.<\/p>\n<p>Vale destacar ainda a campanha contra a prolifera\u00e7\u00e3o do mosquito transmissor da dengue, o Aedes Aegypti, desenvolvida pela Prefeitura de Aruj\u00e1 durante todo o Ver\u00e3o. A campanha consiste em visita porta-a-porta, com orienta\u00e7\u00f5es, verifica\u00e7\u00e3o de poss\u00edveis focos de larvas do mosquito e opera\u00e7\u00e3o de cata-treco, feita entre as equipes das Secretarias de Sa\u00fade e de Servi\u00e7os.<\/p>\n<p>Crian\u00e7as incentivam imuniza\u00e7\u00e3o<br \/>\nA campanha de vacina\u00e7\u00e3o contra a dengue, realizada em Aruj\u00e1 no \u00faltimo dia 15, imunizou, em um s\u00f3 dia, 220 crian\u00e7as dos 10 aos 14 anos contra a doen\u00e7a. A a\u00e7\u00e3o, que aconteceu nas Unidades B\u00e1sicas de Sa\u00fade (UBSs) do Centro, Parque Rodrigo Barreto, Mirante e Jardim Em\u00edlia, contou com a participa\u00e7\u00e3o de pais e respons\u00e1veis que levaram seus filhos para receberem a vacina.<br \/>\nEntre eles, estava Adriana Muranaka, m\u00e3e da pequena Lais Airi Kanetsuki, de 10 anos.<br \/>\nEm entrevista, Adriana relatou a experi\u00eancia de lidar com a dengue quando sua filha contraiu a doen\u00e7a aos 4 anos de idade.<br \/>\n&#8220;Foi uma febre muito alta, que n\u00e3o passava nem com rem\u00e9dio. Depois apareceram manchas no corpo. Levei-a ao hospital, fizemos um exame de sangue para acompanhar as plaquetas e ela chegou a fazer o teste. Embora o teste tenha dado negativo, pelos sintomas era dengue e tivemos que voltar no dia seguinte para acompanhar as plaquetas. Foi uma queda brusca&#8221;, descreveu.<br \/>\nA garotinha s\u00f3 melhorou depois de cerca de uma semana.<br \/>\nAdriana destacou a import\u00e2ncia da vacina\u00e7\u00e3o contra a dengue e expressou al\u00edvio por ter sua filha imunizada. &#8220;Essa foi a primeira dose e estou muito aliviada em saber que minha filha agora est\u00e1 protegida contra essa doen\u00e7a&#8221;, disse.<br \/>\nUm pai que tamb\u00e9m fez quest\u00e3o de levar a filha Alana Cristovam Feltrin Santana, de 13 anos, para ser imunizada, foi Eric Feltrin Santana. Alana, que joga futebol, lembrou que \u00e9 fundamental para os esportistas estarem com as vacinas e a imunidade em dia. &#8220;Digo para todos virem porque se vacinar contra a dengue \u00e9 muito importante&#8221;, alertou.<\/p>\n","protected":false},"excerpt":{"rendered":"<p>Aruj\u00e1 segue sendo refer\u00eancia nas campanhas de vacina\u00e7\u00e3o! Desta vez, a cidade lidera a vacina\u00e7\u00e3o contra a dengue na regi\u00e3o do Alto Tiet\u00ea, com uma taxa de 62,36% para a aplica\u00e7\u00e3o da primeira dose do imunizante, superando a m\u00e9dia estadual, que \u00e9 de 27,91%, demonstrando a efici\u00eancia da equipe respons\u00e1vel e a boa conscientiza\u00e7\u00e3o desenvolvida [&hellip;]<\/p>\n","protected":false},"author":1,"featured_media":23407,"comment_status":"open","ping_status":"open","sticky":false,"template":"","format":"standard","meta":{"footnotes":""},"categories":[4],"tags":[],"class_list":{"0":"post-23406","1":"post","2":"type-post","3":"status-publish","4":"format-standard","5":"has-post-thumbnail","7":"category-aruja"},"_links":{"self":[{"href":"https:\/\/jm-metropole.com.br\/site\/wp-json\/wp\/v2\/posts\/23406","targetHints":{"allow":["GET"]}}],"collection":[{"href":"https:\/\/jm-metropole.com.br\/site\/wp-json\/wp\/v2\/posts"}],"about":[{"href":"https:\/\/jm-metropole.com.br\/site\/wp-json\/wp\/v2\/types\/post"}],"author":[{"embeddable":true,"href":"https:\/\/jm-metropole.com.br\/site\/wp-json\/wp\/v2\/users\/1"}],"replies":[{"embeddable":true,"href":"https:\/\/jm-metropole.com.br\/site\/wp-json\/wp\/v2\/comments?post=23406"}],"version-history":[{"count":1,"href":"https:\/\/jm-metropole.com.br\/site\/wp-json\/wp\/v2\/posts\/23406\/revisions"}],"predecessor-version":[{"id":23408,"href":"https:\/\/jm-metropole.com.br\/site\/wp-json\/wp\/v2\/posts\/23406\/revisions\/23408"}],"wp:featuredmedia":[{"embeddable":true,"href":"https:\/\/jm-metropole.com.br\/site\/wp-json\/wp\/v2\/media\/23407"}],"wp:attachment":[{"href":"https:\/\/jm-metropole.com.br\/site\/wp-json\/wp\/v2\/media?parent=23406"}],"wp:term":[{"taxonomy":"category","embeddable":true,"href":"https:\/\/jm-metropole.com.br\/site\/wp-json\/wp\/v2\/categories?post=23406"},{"taxonomy":"post_tag","embeddable":true,"href":"https:\/\/jm-metropole.com.br\/site\/wp-json\/wp\/v2\/tags?post=23406"}],"curies":[{"name":"wp","href":"https:\/\/api.w.org\/{rel}","templated":true}]}}