{"id":23398,"date":"2025-03-11T08:33:24","date_gmt":"2025-03-11T11:33:24","guid":{"rendered":"https:\/\/jm-metropole.com.br\/site\/?p=23398"},"modified":"2025-03-11T08:33:24","modified_gmt":"2025-03-11T11:33:24","slug":"palmeiras-derrota-sao-paulo-e-chega-a-final-do-paulista","status":"publish","type":"post","link":"https:\/\/jm-metropole.com.br\/site\/palmeiras-derrota-sao-paulo-e-chega-a-final-do-paulista\/","title":{"rendered":"Palmeiras derrota S\u00e3o Paulo e chega \u00e0 final do Paulista"},"content":{"rendered":"<div class=\"header-noticia full-width\">\n<div class=\"linha-fina-noticia\">Raphael Veiga marca de p\u00eanalti para garantir triunfo de 1 a 0<\/div>\n<\/div>\n<div class=\"container-autoria\">\n<p>O Palmeiras derrotou o S\u00e3o Paulo por 1 a 0, na noite desta segunda-feira (10) no Allianz Parque, e se classificou para a decis\u00e3o do Campeonato Paulista, na qual medir\u00e1 for\u00e7as com o Corinthians.<img decoding=\"async\" src=\"https:\/\/agenciabrasil.ebc.com.br\/ebc.png?id=1634045&amp;o=node\" \/><img decoding=\"async\" src=\"https:\/\/agenciabrasil.ebc.com.br\/ebc.gif?id=1634045&amp;o=node\" \/><\/p>\n<p>Em uma partida muito movimentada, com oportunidades claras de lado a lado, o \u00fanico gol saiu em jogada de bola parada. Aos 43 minutos do primeiro tempo o estreante Vitor Roque aproveitou falha do goleiro Rafael e dominou a bola dentro da \u00e1rea. O zagueiro Arboleda deu o bote para roubar a bola, mas acabou cometendo p\u00eanalti. O meia-atacante Raphael Veiga foi para a cobran\u00e7a e n\u00e3o perdoou.<\/p>\n<p>Na decis\u00e3o o Palmeiras ter\u00e1 como advers\u00e1rio o Corinthians, que superou o Santos por 2 a 1, no \u00faltimo domingo (9), na outra semifinal da competi\u00e7\u00e3o.<\/p>\n<p>Verd\u00e3o e Tim\u00e3o come\u00e7am a decidir o t\u00edtulo do Campeonato Paulista no pr\u00f3ximo domingo (16) com mando de campo do Palmeiras. O segundo confronto da decis\u00e3o ser\u00e1 no dia 27 de mar\u00e7o, no est\u00e1dio do Corinthians.<\/p>\n<p>*Com inform\u00e7\u00f5es de Ag\u00eancia Brasil<\/p>\n<\/div>\n","protected":false},"excerpt":{"rendered":"<p>Raphael Veiga marca de p\u00eanalti para garantir triunfo de 1 a 0 O Palmeiras derrotou o S\u00e3o Paulo por 1 a 0, na noite desta segunda-feira (10) no Allianz Parque, e se classificou para a decis\u00e3o do Campeonato Paulista, na qual medir\u00e1 for\u00e7as com o Corinthians. Em uma partida muito movimentada, com oportunidades claras de [&hellip;]<\/p>\n","protected":false},"author":1,"featured_media":23399,"comment_status":"open","ping_status":"open","sticky":false,"template":"","format":"standard","meta":{"footnotes":""},"categories":[12],"tags":[],"class_list":{"0":"post-23398","1":"post","2":"type-post","3":"status-publish","4":"format-standard","5":"has-post-thumbnail","7":"category-esporte"},"_links":{"self":[{"href":"https:\/\/jm-metropole.com.br\/site\/wp-json\/wp\/v2\/posts\/23398","targetHints":{"allow":["GET"]}}],"collection":[{"href":"https:\/\/jm-metropole.com.br\/site\/wp-json\/wp\/v2\/posts"}],"about":[{"href":"https:\/\/jm-metropole.com.br\/site\/wp-json\/wp\/v2\/types\/post"}],"author":[{"embeddable":true,"href":"https:\/\/jm-metropole.com.br\/site\/wp-json\/wp\/v2\/users\/1"}],"replies":[{"embeddable":true,"href":"https:\/\/jm-metropole.com.br\/site\/wp-json\/wp\/v2\/comments?post=23398"}],"version-history":[{"count":1,"href":"https:\/\/jm-metropole.com.br\/site\/wp-json\/wp\/v2\/posts\/23398\/revisions"}],"predecessor-version":[{"id":23400,"href":"https:\/\/jm-metropole.com.br\/site\/wp-json\/wp\/v2\/posts\/23398\/revisions\/23400"}],"wp:featuredmedia":[{"embeddable":true,"href":"https:\/\/jm-metropole.com.br\/site\/wp-json\/wp\/v2\/media\/23399"}],"wp:attachment":[{"href":"https:\/\/jm-metropole.com.br\/site\/wp-json\/wp\/v2\/media?parent=23398"}],"wp:term":[{"taxonomy":"category","embeddable":true,"href":"https:\/\/jm-metropole.com.br\/site\/wp-json\/wp\/v2\/categories?post=23398"},{"taxonomy":"post_tag","embeddable":true,"href":"https:\/\/jm-metropole.com.br\/site\/wp-json\/wp\/v2\/tags?post=23398"}],"curies":[{"name":"wp","href":"https:\/\/api.w.org\/{rel}","templated":true}]}}