{"id":23375,"date":"2025-03-07T07:52:39","date_gmt":"2025-03-07T10:52:39","guid":{"rendered":"https:\/\/jm-metropole.com.br\/site\/?p=23375"},"modified":"2025-03-07T07:52:39","modified_gmt":"2025-03-07T10:52:39","slug":"guararema-celebra-a-23a-festa-de-sao-longuinho-com-novena-e-quermesse","status":"publish","type":"post","link":"https:\/\/jm-metropole.com.br\/site\/guararema-celebra-a-23a-festa-de-sao-longuinho-com-novena-e-quermesse\/","title":{"rendered":"Guararema celebra a 23\u00aa Festa de S\u00e3o Longuinho com novena e quermesse"},"content":{"rendered":"<p>Evento ser\u00e1 realizado entre os dias 7 e 16 de mar\u00e7o na Freguesia da Escada, com missas, cavalgada, shows e gastronomia t\u00edpica<\/p>\n<p>Guararema se prepara para mais uma edi\u00e7\u00e3o da tradicional Festa de S\u00e3o Longuinho, que chega \u00e0 23\u00aa edi\u00e7\u00e3o com programa\u00e7\u00e3o religiosa e cultural que promete reunir fi\u00e9is e visitantes em momentos de f\u00e9 e confraterniza\u00e7\u00e3o entre os dias 7 e 16 de mar\u00e7o. Realizada pela Par\u00f3quia Nossa Senhora da Escada com apoio da Prefeitura de Guararema e do Restaurante Maricota, a festividade acontecer\u00e1 na Pra\u00e7a Salvador Lemes Cardoso, no bairro Freguesia da Escada.<\/p>\n<p>A agenda tem in\u00edcio nesta sexta-feira (7) com a novena que seguir\u00e1 at\u00e9 o dia 15, sempre \u00e0s 19h30 na Igreja Nossa Senhora da Escada, onde fica a \u00fanica imagem de S\u00e3o Longuinho em altar do Brasil.<\/p>\n<p>J\u00e1 no s\u00e1bado (15) ter\u00e1 in\u00edcio a programa\u00e7\u00e3o cultural, com a tradicional cavalgada \u00e0s 8h30, seguida de missa sertaneja \u00e0s 10 horas. Preparado pelo chef Rodrigo Arino, o almo\u00e7o contar\u00e1 com pintado na prancha com cuscuz amaz\u00f4nico, ancho com farofa crocante e costela com arroz carreteiro. Al\u00e9m disso, durante a tarde e noite os visitantes poder\u00e3o curtir boa gastronomia e apresenta\u00e7\u00f5es musicais de Fran Cardoso &amp; Juninho, Miguel Asafe e Luara Sabrina, al\u00e9m de A\u00e7\u00e3o entre Amigos, que acontece \u00e0s 20 horas.<\/p>\n<p>A festa continua no domingo (16), com o Caf\u00e9 da Dona Luiza (in memorian) \u00e0s 7 horas, seguido pela prociss\u00e3o \u00e0s 9 horas e missa campal \u00e0s 10 horas. O almo\u00e7o ter\u00e1 galinhada preparada pelo chef Rodrigo Arino e a quermesse se encerra com os quitutes t\u00edpicos, A\u00e7\u00e3o entre Amigos e show de Miguel Asafe na parte da tarde.<\/p>\n<p>Mais informa\u00e7\u00f5es sobre a Festa de S\u00e3o Longuinho, que \u00e9 um dos eventos mais tradicionais de Guararema, podem ser obtidas na p\u00e1gina da Par\u00f3quia Nossa Senhora da Escada no Facebook (facebook.com\/saolonguinhodaescada\/).<\/p>\n","protected":false},"excerpt":{"rendered":"<p>Evento ser\u00e1 realizado entre os dias 7 e 16 de mar\u00e7o na Freguesia da Escada, com missas, cavalgada, shows e gastronomia t\u00edpica Guararema se prepara para mais uma edi\u00e7\u00e3o da tradicional Festa de S\u00e3o Longuinho, que chega \u00e0 23\u00aa edi\u00e7\u00e3o com programa\u00e7\u00e3o religiosa e cultural que promete reunir fi\u00e9is e visitantes em momentos de f\u00e9 [&hellip;]<\/p>\n","protected":false},"author":1,"featured_media":23376,"comment_status":"open","ping_status":"open","sticky":false,"template":"","format":"standard","meta":{"footnotes":""},"categories":[8],"tags":[],"class_list":{"0":"post-23375","1":"post","2":"type-post","3":"status-publish","4":"format-standard","5":"has-post-thumbnail","7":"category-guararema"},"_links":{"self":[{"href":"https:\/\/jm-metropole.com.br\/site\/wp-json\/wp\/v2\/posts\/23375","targetHints":{"allow":["GET"]}}],"collection":[{"href":"https:\/\/jm-metropole.com.br\/site\/wp-json\/wp\/v2\/posts"}],"about":[{"href":"https:\/\/jm-metropole.com.br\/site\/wp-json\/wp\/v2\/types\/post"}],"author":[{"embeddable":true,"href":"https:\/\/jm-metropole.com.br\/site\/wp-json\/wp\/v2\/users\/1"}],"replies":[{"embeddable":true,"href":"https:\/\/jm-metropole.com.br\/site\/wp-json\/wp\/v2\/comments?post=23375"}],"version-history":[{"count":1,"href":"https:\/\/jm-metropole.com.br\/site\/wp-json\/wp\/v2\/posts\/23375\/revisions"}],"predecessor-version":[{"id":23377,"href":"https:\/\/jm-metropole.com.br\/site\/wp-json\/wp\/v2\/posts\/23375\/revisions\/23377"}],"wp:featuredmedia":[{"embeddable":true,"href":"https:\/\/jm-metropole.com.br\/site\/wp-json\/wp\/v2\/media\/23376"}],"wp:attachment":[{"href":"https:\/\/jm-metropole.com.br\/site\/wp-json\/wp\/v2\/media?parent=23375"}],"wp:term":[{"taxonomy":"category","embeddable":true,"href":"https:\/\/jm-metropole.com.br\/site\/wp-json\/wp\/v2\/categories?post=23375"},{"taxonomy":"post_tag","embeddable":true,"href":"https:\/\/jm-metropole.com.br\/site\/wp-json\/wp\/v2\/tags?post=23375"}],"curies":[{"name":"wp","href":"https:\/\/api.w.org\/{rel}","templated":true}]}}