{"id":23372,"date":"2025-03-07T07:51:24","date_gmt":"2025-03-07T10:51:24","guid":{"rendered":"https:\/\/jm-metropole.com.br\/site\/?p=23372"},"modified":"2025-03-07T07:51:24","modified_gmt":"2025-03-07T10:51:24","slug":"prefeitura-de-santa-isabel-inicia-mapeamento-para-pulverizacao-contra-a-dengue","status":"publish","type":"post","link":"https:\/\/jm-metropole.com.br\/site\/prefeitura-de-santa-isabel-inicia-mapeamento-para-pulverizacao-contra-a-dengue\/","title":{"rendered":"PREFEITURA DE SANTA ISABEL INICIA MAPEAMENTO PARA PULVERIZA\u00c7\u00c3O CONTRA A DENGUE"},"content":{"rendered":"<p>A Prefeitura de Santa Isabel, por meio da Secretaria Municipal de Sa\u00fade, deu in\u00edcio, na manh\u00e3 desta quinta-feira, ao mapeamento a\u00e9reo das \u00e1reas que autorizam a pulveriza\u00e7\u00e3o por drone no combate ao mosquito Aedes aegypti, transmissor da Dengue, Zika e Chikungunya.<\/p>\n<p>A tecnologia ser\u00e1 utilizada para alcan\u00e7ar locais de dif\u00edcil acesso, ampliando a efic\u00e1cia das a\u00e7\u00f5es preventivas e refor\u00e7ando o compromisso de gest\u00e3o municipal com a sa\u00fade da popula\u00e7\u00e3o.<\/p>\n<p>A Prefeitura segue empenhada no enfrentamento ao mosquito, unindo inova\u00e7\u00e3o e estrat\u00e9gia para proteger a nossa cidade<\/p>\n","protected":false},"excerpt":{"rendered":"<p>A Prefeitura de Santa Isabel, por meio da Secretaria Municipal de Sa\u00fade, deu in\u00edcio, na manh\u00e3 desta quinta-feira, ao mapeamento a\u00e9reo das \u00e1reas que autorizam a pulveriza\u00e7\u00e3o por drone no combate ao mosquito Aedes aegypti, transmissor da Dengue, Zika e Chikungunya. A tecnologia ser\u00e1 utilizada para alcan\u00e7ar locais de dif\u00edcil acesso, ampliando a efic\u00e1cia das [&hellip;]<\/p>\n","protected":false},"author":1,"featured_media":23373,"comment_status":"open","ping_status":"open","sticky":false,"template":"","format":"standard","meta":{"footnotes":""},"categories":[5],"tags":[],"class_list":{"0":"post-23372","1":"post","2":"type-post","3":"status-publish","4":"format-standard","5":"has-post-thumbnail","7":"category-santa-isabel"},"_links":{"self":[{"href":"https:\/\/jm-metropole.com.br\/site\/wp-json\/wp\/v2\/posts\/23372","targetHints":{"allow":["GET"]}}],"collection":[{"href":"https:\/\/jm-metropole.com.br\/site\/wp-json\/wp\/v2\/posts"}],"about":[{"href":"https:\/\/jm-metropole.com.br\/site\/wp-json\/wp\/v2\/types\/post"}],"author":[{"embeddable":true,"href":"https:\/\/jm-metropole.com.br\/site\/wp-json\/wp\/v2\/users\/1"}],"replies":[{"embeddable":true,"href":"https:\/\/jm-metropole.com.br\/site\/wp-json\/wp\/v2\/comments?post=23372"}],"version-history":[{"count":1,"href":"https:\/\/jm-metropole.com.br\/site\/wp-json\/wp\/v2\/posts\/23372\/revisions"}],"predecessor-version":[{"id":23374,"href":"https:\/\/jm-metropole.com.br\/site\/wp-json\/wp\/v2\/posts\/23372\/revisions\/23374"}],"wp:featuredmedia":[{"embeddable":true,"href":"https:\/\/jm-metropole.com.br\/site\/wp-json\/wp\/v2\/media\/23373"}],"wp:attachment":[{"href":"https:\/\/jm-metropole.com.br\/site\/wp-json\/wp\/v2\/media?parent=23372"}],"wp:term":[{"taxonomy":"category","embeddable":true,"href":"https:\/\/jm-metropole.com.br\/site\/wp-json\/wp\/v2\/categories?post=23372"},{"taxonomy":"post_tag","embeddable":true,"href":"https:\/\/jm-metropole.com.br\/site\/wp-json\/wp\/v2\/tags?post=23372"}],"curies":[{"name":"wp","href":"https:\/\/api.w.org\/{rel}","templated":true}]}}