{"id":23362,"date":"2025-03-06T16:26:07","date_gmt":"2025-03-06T19:26:07","guid":{"rendered":"https:\/\/jm-metropole.com.br\/site\/?p=23362"},"modified":"2025-03-06T16:26:07","modified_gmt":"2025-03-06T19:26:07","slug":"palestra-no-adamastor-discutira-o-protagonismo-da-mulher-no-ambiente-empresarial","status":"publish","type":"post","link":"https:\/\/jm-metropole.com.br\/site\/palestra-no-adamastor-discutira-o-protagonismo-da-mulher-no-ambiente-empresarial\/","title":{"rendered":"Palestra no Adamastor discutir\u00e1 o protagonismo da mulher no ambiente empresarial"},"content":{"rendered":"<p>Em comemora\u00e7\u00e3o ao Dia Internacional da Mulher, a Subsecretaria de Pol\u00edticas para as Mulheres de Guarulhos promover\u00e1 o evento \u201cDa visibilidade \u00e0 realiza\u00e7\u00e3o: o protagonismo das mulheres\u201d no pr\u00f3ximo dia 13 (quinta-feira), a partir das 9h, no Sal\u00e3o de Artes do Adamastor (avenida Monteiro Lobato, 734, Macedo).<\/p>\n<p>A jornalista especialista em comunica\u00e7\u00e3o empresarial e fundadora da Maratona de Neg\u00f3cios, Tatiane Bertolini, ministrar\u00e1 uma palestra sobre o protagonismo da mulher em ambientes corporativos. O dia 8 de mar\u00e7o convida \u00e0 reflex\u00e3o sobre as conquistas das mulheres, mas tamb\u00e9m sobre os desafios que ainda enfrentam para alcan\u00e7ar igualdade de direitos e de oportunidades.<\/p>\n<p>A escolha do tema, de acordo com a subsecretaria, ressalta a import\u00e2ncia de dar espa\u00e7o \u00e0s mulheres para que possam se expressar, ocupar espa\u00e7os de decis\u00e3o e construir suas pr\u00f3prias hist\u00f3rias, sem as limita\u00e7\u00f5es de estere\u00f3tipos ou estruturas opressivas.<\/p>\n<p>\u201cA presen\u00e7a das mulheres em cargos de lideran\u00e7a e decis\u00e3o tem crescido ao longo dos anos, mas ainda enfrenta desafios significativos, apesar dos avan\u00e7os na equidade de g\u00eanero. A Prefeitura trar\u00e1, no dia 13, um di\u00e1logo essencial sobre a import\u00e2ncia da mulher nos espa\u00e7os de decis\u00e3o, lideran\u00e7a e protagonismo\u201d, destacou a subsecret\u00e1ria Vanessa de Jesus.<\/p>\n<p>J\u00e1 no pr\u00f3ximo dia 19 (quarta-feira) a pasta ir\u00e1 homenagear as funcion\u00e1rias que atuam na sede da Secretaria da Educa\u00e7\u00e3o com uma apresenta\u00e7\u00e3o musical e a entrega de mimos.<\/p>\n<p>Campanha<\/p>\n<p>A Subsecretaria de Pol\u00edticas para as Mulheres, integrante da Secretaria de Direitos Humanos, lan\u00e7ar\u00e1 no pr\u00f3ximo dia 24 o projeto M\u00e3os Protetoras. Trata-se de uma campanha para orienta\u00e7\u00e3o, preven\u00e7\u00e3o e redu\u00e7\u00e3o da viol\u00eancia dom\u00e9stica e familiar por meio do di\u00e1logo e da dissemina\u00e7\u00e3o de informa\u00e7\u00f5es \u00e0 popula\u00e7\u00e3o em bairros com os maiores \u00edndices de viol\u00eancia contra a mulher.<\/p>\n<p>Programa\u00e7\u00e3o M\u00eas da Mulher<\/p>\n<p>8\/3 \u2013 9h \u00e0s 18h \u2013 A Subsecretaria da Igualdade Racial ir\u00e1 realizar as exposi\u00e7\u00f5es Mulheres Negras: Aboli\u00e7\u00e3o, Protagonismo e Resist\u00eancia e Mulheres que Mudaram a Hist\u00f3ria. Ser\u00e3o tamb\u00e9m expostos trabalhos artesanais e a hist\u00f3ria das bonecas Abayomi.<br \/>\nLocal: pra\u00e7a da Vila Barros localizada na esquina entre a avenida Ot\u00e1vio Braga de Mesquita e a rua Carlos Korkischko.<\/p>\n<p>12\/3 \u2013 14h \u2013 Roda de conversa com mulheres at\u00edpicas.<br \/>\nLocal: Subsecretaria de Acessibilidade e Inclus\u00e3o (rua Alberto Hinoto Bento, 49, Macedo).<br \/>\nInscri\u00e7\u00f5es pelo telefone (11) 2422-7376 ou 2414-3685 (WhatsApp)<\/p>\n<p>13\/3 \u2013 9h \u2013 Cerim\u00f4nia oficial em celebra\u00e7\u00e3o ao Dia Internacional da Mulher. Local: Sal\u00e3o de Artes do Adamastor.<\/p>\n<p>22\/3 \u2013 8h \u00e0s 12h \u2013 Subsecretaria de Pol\u00edticas para o Idoso ir\u00e1 realizar um aul\u00e3o do Movimento 60+. Local: Tenda branca do Bosque Maia.<\/p>\n","protected":false},"excerpt":{"rendered":"<p>Em comemora\u00e7\u00e3o ao Dia Internacional da Mulher, a Subsecretaria de Pol\u00edticas para as Mulheres de Guarulhos promover\u00e1 o evento \u201cDa visibilidade \u00e0 realiza\u00e7\u00e3o: o protagonismo das mulheres\u201d no pr\u00f3ximo dia 13 (quinta-feira), a partir das 9h, no Sal\u00e3o de Artes do Adamastor (avenida Monteiro Lobato, 734, Macedo). A jornalista especialista em comunica\u00e7\u00e3o empresarial e fundadora [&hellip;]<\/p>\n","protected":false},"author":1,"featured_media":23363,"comment_status":"open","ping_status":"open","sticky":false,"template":"","format":"standard","meta":{"footnotes":""},"categories":[3],"tags":[],"class_list":{"0":"post-23362","1":"post","2":"type-post","3":"status-publish","4":"format-standard","5":"has-post-thumbnail","7":"category-guarulhos"},"_links":{"self":[{"href":"https:\/\/jm-metropole.com.br\/site\/wp-json\/wp\/v2\/posts\/23362","targetHints":{"allow":["GET"]}}],"collection":[{"href":"https:\/\/jm-metropole.com.br\/site\/wp-json\/wp\/v2\/posts"}],"about":[{"href":"https:\/\/jm-metropole.com.br\/site\/wp-json\/wp\/v2\/types\/post"}],"author":[{"embeddable":true,"href":"https:\/\/jm-metropole.com.br\/site\/wp-json\/wp\/v2\/users\/1"}],"replies":[{"embeddable":true,"href":"https:\/\/jm-metropole.com.br\/site\/wp-json\/wp\/v2\/comments?post=23362"}],"version-history":[{"count":1,"href":"https:\/\/jm-metropole.com.br\/site\/wp-json\/wp\/v2\/posts\/23362\/revisions"}],"predecessor-version":[{"id":23364,"href":"https:\/\/jm-metropole.com.br\/site\/wp-json\/wp\/v2\/posts\/23362\/revisions\/23364"}],"wp:featuredmedia":[{"embeddable":true,"href":"https:\/\/jm-metropole.com.br\/site\/wp-json\/wp\/v2\/media\/23363"}],"wp:attachment":[{"href":"https:\/\/jm-metropole.com.br\/site\/wp-json\/wp\/v2\/media?parent=23362"}],"wp:term":[{"taxonomy":"category","embeddable":true,"href":"https:\/\/jm-metropole.com.br\/site\/wp-json\/wp\/v2\/categories?post=23362"},{"taxonomy":"post_tag","embeddable":true,"href":"https:\/\/jm-metropole.com.br\/site\/wp-json\/wp\/v2\/tags?post=23362"}],"curies":[{"name":"wp","href":"https:\/\/api.w.org\/{rel}","templated":true}]}}