{"id":23355,"date":"2025-03-06T09:24:16","date_gmt":"2025-03-06T12:24:16","guid":{"rendered":"https:\/\/jm-metropole.com.br\/site\/?p=23355"},"modified":"2025-03-06T09:24:16","modified_gmt":"2025-03-06T12:24:16","slug":"carnaval-em-aruja-reune-mais-de-5-mil-pessoas-durante-os-5-dias-de-folia","status":"publish","type":"post","link":"https:\/\/jm-metropole.com.br\/site\/carnaval-em-aruja-reune-mais-de-5-mil-pessoas-durante-os-5-dias-de-folia\/","title":{"rendered":"Carnaval em Aruj\u00e1 re\u00fane mais de 5 mil pessoas durante os 5 dias de folia"},"content":{"rendered":"<p>O Carnaval em Aruj\u00e1 contou com cinco dias de pura folia e alegria. A Prefeitura de Aruj\u00e1, pela Secretaria Municipal de Cultura, levou o Carnaval para diversas localidades, reunindo cerca de 5 mil pessoas durante o per\u00edodo de festa. Do Complexo Esportivo Calango ao Clube Uni\u00e3o, amigos e familiares se divertiram com muita musica e gritos de carnaval, e puderam contar com um esquema de seguran\u00e7a completo, que fez com que a festa passasse sem ocorr\u00eancias.<\/p>\n<p>O 1\u00ba Carnaval Inclusivo de Aruj\u00e1 ocorreu no Parque dos Ip\u00eas e contou com a presen\u00e7a de 350 pessoas, sendo que 20% eram PCDs. Al\u00e9m do Parque dos Ip\u00eas, o Parque Cidade Natureza, o Complexo Esportivo Calango, o Clube Uni\u00e3o e a avenida Mario Covas receberam atra\u00e7\u00f5es locais, sendo que este \u00faltimo tamb\u00e9m recebeu a escola de samba Acad\u00eamicos do Tucuruvi e Adryana Ribeiro, que abrilhantaram ainda mais o Bloco Aruj\u00e1 Folia.<\/p>\n<p>Ap\u00f3s concurso realizado, Daniel Santiago e Cristina Santos foram proclamados Rei e Rainha do Carnaval 2025. Al\u00e9m disso, \u00e9 importante ressaltar que Geisa S\u00e9rgio, que \u00e9 Pessoa com Defici\u00eancia (PCD), ganhou com muito samba no p\u00e9 como a Primeira Princesa do Carnaval e Brunessa Campos a Segunda Princesa, assim como Daniela Barros, moradora de Aruj\u00e1, que ganhou o concurso de Melhor Fantasia do Carnaval.<\/p>\n<p>Para garantir a divers\u00e3o de todas as fam\u00edlias foi montado um esquema de seguran\u00e7a refor\u00e7ado, que incluiu seguran\u00e7as particulares, revista pessoal na entrada, patrulhamento da Pol\u00edcia Militar e da Guarda Civil Municipal, al\u00e9m da proibi\u00e7\u00e3o da entrada na via com garrafas. A Patrulha Maria da Penha tamb\u00e9m esteve presente para atender as mulheres e a Pol\u00edcia Civil prestou suporte \u00e0 opera\u00e7\u00e3o.<\/p>\n","protected":false},"excerpt":{"rendered":"<p>O Carnaval em Aruj\u00e1 contou com cinco dias de pura folia e alegria. A Prefeitura de Aruj\u00e1, pela Secretaria Municipal de Cultura, levou o Carnaval para diversas localidades, reunindo cerca de 5 mil pessoas durante o per\u00edodo de festa. Do Complexo Esportivo Calango ao Clube Uni\u00e3o, amigos e familiares se divertiram com muita musica e [&hellip;]<\/p>\n","protected":false},"author":1,"featured_media":23356,"comment_status":"open","ping_status":"open","sticky":false,"template":"","format":"standard","meta":{"footnotes":""},"categories":[4],"tags":[],"class_list":{"0":"post-23355","1":"post","2":"type-post","3":"status-publish","4":"format-standard","5":"has-post-thumbnail","7":"category-aruja"},"_links":{"self":[{"href":"https:\/\/jm-metropole.com.br\/site\/wp-json\/wp\/v2\/posts\/23355","targetHints":{"allow":["GET"]}}],"collection":[{"href":"https:\/\/jm-metropole.com.br\/site\/wp-json\/wp\/v2\/posts"}],"about":[{"href":"https:\/\/jm-metropole.com.br\/site\/wp-json\/wp\/v2\/types\/post"}],"author":[{"embeddable":true,"href":"https:\/\/jm-metropole.com.br\/site\/wp-json\/wp\/v2\/users\/1"}],"replies":[{"embeddable":true,"href":"https:\/\/jm-metropole.com.br\/site\/wp-json\/wp\/v2\/comments?post=23355"}],"version-history":[{"count":1,"href":"https:\/\/jm-metropole.com.br\/site\/wp-json\/wp\/v2\/posts\/23355\/revisions"}],"predecessor-version":[{"id":23357,"href":"https:\/\/jm-metropole.com.br\/site\/wp-json\/wp\/v2\/posts\/23355\/revisions\/23357"}],"wp:featuredmedia":[{"embeddable":true,"href":"https:\/\/jm-metropole.com.br\/site\/wp-json\/wp\/v2\/media\/23356"}],"wp:attachment":[{"href":"https:\/\/jm-metropole.com.br\/site\/wp-json\/wp\/v2\/media?parent=23355"}],"wp:term":[{"taxonomy":"category","embeddable":true,"href":"https:\/\/jm-metropole.com.br\/site\/wp-json\/wp\/v2\/categories?post=23355"},{"taxonomy":"post_tag","embeddable":true,"href":"https:\/\/jm-metropole.com.br\/site\/wp-json\/wp\/v2\/tags?post=23355"}],"curies":[{"name":"wp","href":"https:\/\/api.w.org\/{rel}","templated":true}]}}