{"id":23352,"date":"2025-03-06T09:22:47","date_gmt":"2025-03-06T12:22:47","guid":{"rendered":"https:\/\/jm-metropole.com.br\/site\/?p=23352"},"modified":"2025-03-06T09:22:47","modified_gmt":"2025-03-06T12:22:47","slug":"assistencia-social-de-itaqua-divulga-programacao-especial-neste-mes-da-mulher","status":"publish","type":"post","link":"https:\/\/jm-metropole.com.br\/site\/assistencia-social-de-itaqua-divulga-programacao-especial-neste-mes-da-mulher\/","title":{"rendered":"Assist\u00eancia Social de Itaqu\u00e1 divulga programa\u00e7\u00e3o especial neste m\u00eas da mulher"},"content":{"rendered":"<p>A\u00e7\u00e3o descentralizada oferecer\u00e1 dia de beleza<\/p>\n<p>Neste m\u00eas de mar\u00e7o, considerado o m\u00eas da mulher, a Secretaria de Assist\u00eancia Social de Itaqu\u00e1 vai realizar uma s\u00e9rie de a\u00e7\u00f5es voltadas ao bem-estar e autoestima feminina envolvendo maquiagem, cabelo, massagem e design de sobrancelhas. A a\u00e7\u00e3o vai ocorrer de forma intersetorial.<\/p>\n<p>Os trabalhos ser\u00e3o iniciados na pr\u00f3xima ter\u00e7a-feira (11) com mulheres atendidas pelo CEMI, \u00e0s 9h, na pra\u00e7a Padre Jo\u00e3o \u00c1lvares, no Centro. No dia 17, \u00e0s 10h, quem \u00e9 atendida pelo CRAS Caiuby vai poder participar da a\u00e7\u00e3o na rua Diamante, 181 &#8211; Jardim Nicea.<\/p>\n<p>J\u00e1 as atendidas pelo CRAS Quinta da Boa Vista v\u00e3o receber os servi\u00e7os no dia 18, \u00e0s 10h, na rua S\u00e3o Roque, 215 &#8211; Vila Jap\u00e3o. No dia 19, \u00e0s 10h, quem recebe atendimento no CRAS Paineira ter\u00e1 o dia de beleza na rua Pixinguinha, 40 &#8211; Maragogipe.<\/p>\n<p>No dia 20, \u00e0s 10h, o p\u00fablico atendido pelo CRAS Morro Branco poder\u00e1 participar na estrada Valter da Silva Costa, 1228 &#8211; Vila S\u00f4nia. Por \u00faltimo, no dia 25, \u00e0s 10h, as mulheres do CRAS Recanto M\u00f4nica podem se deslocar at\u00e9 a avenida Ferreira de Menezes, 518 &#8211; Marengo.<\/p>\n<p>\u201cEscolhemos as mulheres atendidas pelos CRAS de forma estrat\u00e9gica, j\u00e1 que o objetivo \u00e9 alcan\u00e7ar diferentes regi\u00f5es. \u00c9 uma forma de garantir que todas possam participar da a\u00e7\u00e3o e desfrutar de servi\u00e7os\u201d, explicou a secret\u00e1ria Elaine Loureiro.<\/p>\n<p>Al\u00e9m de garantir momentos de relaxamento e autocuidado, a a\u00e7\u00e3o refor\u00e7a o compromisso da secretaria com o empoderamento feminino e a inclus\u00e3o social. \u201cNosso objetivo \u00e9 promover o cuidado com a sa\u00fade e autoestima, al\u00e9m de incentivar a valoriza\u00e7\u00e3o da mulher em diversos aspectos da vida cotidiana\u201d, completou o prefeito Eduardo Boigues.<\/p>\n<p>Fotos: Dayane Oliveira<\/p>\n","protected":false},"excerpt":{"rendered":"<p>A\u00e7\u00e3o descentralizada oferecer\u00e1 dia de beleza Neste m\u00eas de mar\u00e7o, considerado o m\u00eas da mulher, a Secretaria de Assist\u00eancia Social de Itaqu\u00e1 vai realizar uma s\u00e9rie de a\u00e7\u00f5es voltadas ao bem-estar e autoestima feminina envolvendo maquiagem, cabelo, massagem e design de sobrancelhas. A a\u00e7\u00e3o vai ocorrer de forma intersetorial. Os trabalhos ser\u00e3o iniciados na pr\u00f3xima [&hellip;]<\/p>\n","protected":false},"author":1,"featured_media":23353,"comment_status":"open","ping_status":"open","sticky":false,"template":"","format":"standard","meta":{"footnotes":""},"categories":[6],"tags":[],"class_list":{"0":"post-23352","1":"post","2":"type-post","3":"status-publish","4":"format-standard","5":"has-post-thumbnail","7":"category-itaqua"},"_links":{"self":[{"href":"https:\/\/jm-metropole.com.br\/site\/wp-json\/wp\/v2\/posts\/23352","targetHints":{"allow":["GET"]}}],"collection":[{"href":"https:\/\/jm-metropole.com.br\/site\/wp-json\/wp\/v2\/posts"}],"about":[{"href":"https:\/\/jm-metropole.com.br\/site\/wp-json\/wp\/v2\/types\/post"}],"author":[{"embeddable":true,"href":"https:\/\/jm-metropole.com.br\/site\/wp-json\/wp\/v2\/users\/1"}],"replies":[{"embeddable":true,"href":"https:\/\/jm-metropole.com.br\/site\/wp-json\/wp\/v2\/comments?post=23352"}],"version-history":[{"count":1,"href":"https:\/\/jm-metropole.com.br\/site\/wp-json\/wp\/v2\/posts\/23352\/revisions"}],"predecessor-version":[{"id":23354,"href":"https:\/\/jm-metropole.com.br\/site\/wp-json\/wp\/v2\/posts\/23352\/revisions\/23354"}],"wp:featuredmedia":[{"embeddable":true,"href":"https:\/\/jm-metropole.com.br\/site\/wp-json\/wp\/v2\/media\/23353"}],"wp:attachment":[{"href":"https:\/\/jm-metropole.com.br\/site\/wp-json\/wp\/v2\/media?parent=23352"}],"wp:term":[{"taxonomy":"category","embeddable":true,"href":"https:\/\/jm-metropole.com.br\/site\/wp-json\/wp\/v2\/categories?post=23352"},{"taxonomy":"post_tag","embeddable":true,"href":"https:\/\/jm-metropole.com.br\/site\/wp-json\/wp\/v2\/tags?post=23352"}],"curies":[{"name":"wp","href":"https:\/\/api.w.org\/{rel}","templated":true}]}}