{"id":23339,"date":"2025-03-05T13:08:31","date_gmt":"2025-03-05T16:08:31","guid":{"rendered":"https:\/\/jm-metropole.com.br\/site\/?p=23339"},"modified":"2025-03-05T13:08:31","modified_gmt":"2025-03-05T16:08:31","slug":"fundo-social-de-solidariedade-de-aruja-capacita-mulheres-para-o-mercado-de-design-de-sobrancelhas","status":"publish","type":"post","link":"https:\/\/jm-metropole.com.br\/site\/fundo-social-de-solidariedade-de-aruja-capacita-mulheres-para-o-mercado-de-design-de-sobrancelhas\/","title":{"rendered":"Fundo Social de Solidariedade de Aruj\u00e1 capacita mulheres para o mercado de Design de Sobrancelhas"},"content":{"rendered":"<p>Na tarde da \u00faltima quinta-feira (27), mais um objetivo foi alcan\u00e7ado pelas mulheres de Aruj\u00e1, durante a formatura do curso de Design de Sobrancelhas, promovido pelo Fundo Social de Solidariedade de Aruj\u00e1, em conjunto com o Senac. O curso faz parte do programa de empreendedorismo feminino do \u00f3rg\u00e3o e tem como objetivo capacitar mulheres, para que possam ter autonomia financeira, complementar a renda familiar ou simplesmente aprender um novo of\u00edcio.<\/p>\n<p>A iniciativa, ressaltou a presidente da institui\u00e7\u00e3o e primeira-dama, Clau Camargo, contou com importantes parcerias. &#8220;Quero agradecer ao Senac, sempre presente, nos apoiando, \u00e0 Lumi Perfumaria, que doou os kits iniciais para que cada aluna tenha condi\u00e7\u00f5es de dar os primeiros passos na carreira, e tamb\u00e9m \u00e0 Garcia Solu\u00e7\u00f5es Gr\u00e1ficas, que presenteou as mais novas designers da cidade com 100 cart\u00f5es de visita, para cada uma delas, o que ir\u00e1 auxili\u00e1-las na hora de apresentarem seu trabalho aos clientes. Essas parcerias estabelecidas com o Fundo Social de Aruj\u00e1 t\u00eam sido fundamentais para o sucesso das nossas a\u00e7\u00f5es, em prol da popula\u00e7\u00e3o arujaense, pois esses cursos s\u00e3o essenciais para que as mulheres possam ter uma vida mais independente e aut\u00f4noma&#8221;, assinalou.<\/p>\n<p>A cerim\u00f4nia de entrega dos certificados \u00e0s 17 alunas teve, al\u00e9m da presen\u00e7a da presidente do Fundo Social de Solidariedade, Clau Camargo, que parabenizou e desejou um futuro brilhante a todas, as palavras de incentivo da professora Regiane Seminate (representando o Senac) e uma palestra com a conceituada F\u00e1dua Sleiman, de Mogi das Cruzes, que \u00e9 empres\u00e1ria, conferencista, consultora empresarial em neg\u00f3cios, precursora e especialista em empreendedorismo feminino, tema que abordou durante o evento. Da Lumi Perfumaria compareceu o diretor Edson Gushiken e Gabriel Garcia, diretor da Garcia Solu\u00e7\u00f5es Gr\u00e1ficas.<\/p>\n<p>A aposentada e designer de sobrancelha, Silvia Regina Pereira, discursou como representante da turma: &#8220;Em nome de todas as alunas, quero agradecer a Deus, que nos sustentou at\u00e9 aqui e nos permitiu finalizar esse curso, \u00e0 primeira-dama Clau Camargo e toda a equipe do Fundo Social por essa oportunidade, \u00e0 professora Regiane, pelos ensinamentos que levaremos para sempre. Esse curso foi muito importante para todas n\u00f3s&#8221;, afirmou.<\/p>\n<p>Silvia destacou que algumas das alunas j\u00e1 atuam na \u00e1rea da est\u00e9tica e agora t\u00eam a oportunidade de ampliar o servi\u00e7o, enquanto outras, que nunca trabalharam, ter\u00e3o essa op\u00e7\u00e3o para seguir um caminho profissional. &#8220;Eu sei do sacrif\u00edcio de cada uma para estar fazendo o curso nestes dias, deixando filhos, casa e fam\u00edlia, mas por uma causa muito nobre que \u00e9 a de buscar a nossa autonomia&#8221;, complementou.<\/p>\n<p>Al\u00e9m do curso de Design de Sobrancelhas conclu\u00eddo, o Fundo Social de Solidariedade anunciou que tem outros seis cursos confirmados para o primeiro semestre, que atender\u00e3o mais de 120 alunas. Os cursos incluem Brigadeiro Gourmet, Ovos de P\u00e1scoa, Doces Artesanais, Salgados para Festa e Maquiagem para a Beleza Negra.<\/p>\n<p>Os pr\u00f3ximos cursos, j\u00e1 com turmas fechadas, s\u00e3o de Brigadeiro Gourmet e Preparo de Ovo de P\u00e1scoa. No momento, h\u00e1 inscri\u00e7\u00f5es abertas para o curso de Doces Artesanais, com 15 vagas para o per\u00edodo da manh\u00e3. Os pr\u00f3ximos cursos com vagas abertas s\u00e3o o de Salgados para Festa e Maquiagem para Beleza Negra.<\/p>\n","protected":false},"excerpt":{"rendered":"<p>Na tarde da \u00faltima quinta-feira (27), mais um objetivo foi alcan\u00e7ado pelas mulheres de Aruj\u00e1, durante a formatura do curso de Design de Sobrancelhas, promovido pelo Fundo Social de Solidariedade de Aruj\u00e1, em conjunto com o Senac. O curso faz parte do programa de empreendedorismo feminino do \u00f3rg\u00e3o e tem como objetivo capacitar mulheres, para [&hellip;]<\/p>\n","protected":false},"author":1,"featured_media":23340,"comment_status":"open","ping_status":"open","sticky":false,"template":"","format":"standard","meta":{"footnotes":""},"categories":[4],"tags":[],"class_list":{"0":"post-23339","1":"post","2":"type-post","3":"status-publish","4":"format-standard","5":"has-post-thumbnail","7":"category-aruja"},"_links":{"self":[{"href":"https:\/\/jm-metropole.com.br\/site\/wp-json\/wp\/v2\/posts\/23339","targetHints":{"allow":["GET"]}}],"collection":[{"href":"https:\/\/jm-metropole.com.br\/site\/wp-json\/wp\/v2\/posts"}],"about":[{"href":"https:\/\/jm-metropole.com.br\/site\/wp-json\/wp\/v2\/types\/post"}],"author":[{"embeddable":true,"href":"https:\/\/jm-metropole.com.br\/site\/wp-json\/wp\/v2\/users\/1"}],"replies":[{"embeddable":true,"href":"https:\/\/jm-metropole.com.br\/site\/wp-json\/wp\/v2\/comments?post=23339"}],"version-history":[{"count":1,"href":"https:\/\/jm-metropole.com.br\/site\/wp-json\/wp\/v2\/posts\/23339\/revisions"}],"predecessor-version":[{"id":23341,"href":"https:\/\/jm-metropole.com.br\/site\/wp-json\/wp\/v2\/posts\/23339\/revisions\/23341"}],"wp:featuredmedia":[{"embeddable":true,"href":"https:\/\/jm-metropole.com.br\/site\/wp-json\/wp\/v2\/media\/23340"}],"wp:attachment":[{"href":"https:\/\/jm-metropole.com.br\/site\/wp-json\/wp\/v2\/media?parent=23339"}],"wp:term":[{"taxonomy":"category","embeddable":true,"href":"https:\/\/jm-metropole.com.br\/site\/wp-json\/wp\/v2\/categories?post=23339"},{"taxonomy":"post_tag","embeddable":true,"href":"https:\/\/jm-metropole.com.br\/site\/wp-json\/wp\/v2\/tags?post=23339"}],"curies":[{"name":"wp","href":"https:\/\/api.w.org\/{rel}","templated":true}]}}