{"id":23336,"date":"2025-03-05T13:07:31","date_gmt":"2025-03-05T16:07:31","guid":{"rendered":"https:\/\/jm-metropole.com.br\/site\/?p=23336"},"modified":"2025-03-05T13:07:31","modified_gmt":"2025-03-05T16:07:31","slug":"fundo-social-de-solidariedade-de-aruja-abre-inscricoes-para-o-casamento-comunitario-2025","status":"publish","type":"post","link":"https:\/\/jm-metropole.com.br\/site\/fundo-social-de-solidariedade-de-aruja-abre-inscricoes-para-o-casamento-comunitario-2025\/","title":{"rendered":"FUNDO SOCIAL DE SOLIDARIEDADE DE ARUJ\u00c1 ABRE INSCRI\u00c7\u00d5ES PARA O CASAMENTO COMUNIT\u00c1RIO 2025"},"content":{"rendered":"<p>O Fundo Social de Solidariedade de Aruj\u00e1 dar\u00e1 in\u00edcio, no dia 5 de mar\u00e7o, \u00e0s inscri\u00e7\u00f5es para o Casamento Comunit\u00e1rio. No total, ser\u00e3o disponibilizadas 35 vagas para quem est\u00e1 planejando se casar e busca uma oportunidade para realizar o sonho do matrim\u00f4nio.<\/p>\n<p>Para se inscrever, basta se dirigir a uma unidade do Centro de Refer\u00eancia de Assist\u00eancia Social (CRAS), sendo o Cerejeiras, Barreto ou do Centro e cumprir os seguintes requisitos:<\/p>\n<p>\u2705 Renda mensal de at\u00e9 2 sal\u00e1rios m\u00ednimos<br \/>\n\u2705 Ser residente de Aruj\u00e1 h\u00e1 mais de um ano<br \/>\n\u2705 Possuir n\u00famero do NIS<\/p>\n<p>A a\u00e7\u00e3o \u00e9 realizada pelo Fundo Social de Solidariedade de Aruj\u00e1 e conta com o apoio da Secretaria Municipal de Assist\u00eancia Social e da C\u00e2mara de Aruj\u00e1.<\/p>\n<p>Voc\u00ea, que deseja se casar e se encaixa nos requisitos necess\u00e1rios, procure uma das unidades do CRAS do dia 5 ao dia 31 de mar\u00e7o e venha viver esse momento incr\u00edvel conosco!<\/p>\n<p>Os CRAS dispon\u00edveis para inscri\u00e7\u00e3o s\u00e3o:<\/p>\n<p>* CRAS Cerejeiras: R. Takeji Shimmyo, 125, Jardim Cerejeiras &#8211; (11) 4655-5623<br \/>\n* CRAS Barreto: Av. Armando Col\u00e2ngelo, 1584, Parque Rodrigo Barreto &#8211; (11) 4651-2355<br \/>\n* CRAS Centro: Avenida dos Expedicion\u00e1rios, 1816 &#8211; Bairro dos Barbosas &#8211; (11) 4655-2898<\/p>\n","protected":false},"excerpt":{"rendered":"<p>O Fundo Social de Solidariedade de Aruj\u00e1 dar\u00e1 in\u00edcio, no dia 5 de mar\u00e7o, \u00e0s inscri\u00e7\u00f5es para o Casamento Comunit\u00e1rio. No total, ser\u00e3o disponibilizadas 35 vagas para quem est\u00e1 planejando se casar e busca uma oportunidade para realizar o sonho do matrim\u00f4nio. Para se inscrever, basta se dirigir a uma unidade do Centro de Refer\u00eancia [&hellip;]<\/p>\n","protected":false},"author":1,"featured_media":23337,"comment_status":"open","ping_status":"open","sticky":false,"template":"","format":"standard","meta":{"footnotes":""},"categories":[4],"tags":[],"class_list":{"0":"post-23336","1":"post","2":"type-post","3":"status-publish","4":"format-standard","5":"has-post-thumbnail","7":"category-aruja"},"_links":{"self":[{"href":"https:\/\/jm-metropole.com.br\/site\/wp-json\/wp\/v2\/posts\/23336","targetHints":{"allow":["GET"]}}],"collection":[{"href":"https:\/\/jm-metropole.com.br\/site\/wp-json\/wp\/v2\/posts"}],"about":[{"href":"https:\/\/jm-metropole.com.br\/site\/wp-json\/wp\/v2\/types\/post"}],"author":[{"embeddable":true,"href":"https:\/\/jm-metropole.com.br\/site\/wp-json\/wp\/v2\/users\/1"}],"replies":[{"embeddable":true,"href":"https:\/\/jm-metropole.com.br\/site\/wp-json\/wp\/v2\/comments?post=23336"}],"version-history":[{"count":1,"href":"https:\/\/jm-metropole.com.br\/site\/wp-json\/wp\/v2\/posts\/23336\/revisions"}],"predecessor-version":[{"id":23338,"href":"https:\/\/jm-metropole.com.br\/site\/wp-json\/wp\/v2\/posts\/23336\/revisions\/23338"}],"wp:featuredmedia":[{"embeddable":true,"href":"https:\/\/jm-metropole.com.br\/site\/wp-json\/wp\/v2\/media\/23337"}],"wp:attachment":[{"href":"https:\/\/jm-metropole.com.br\/site\/wp-json\/wp\/v2\/media?parent=23336"}],"wp:term":[{"taxonomy":"category","embeddable":true,"href":"https:\/\/jm-metropole.com.br\/site\/wp-json\/wp\/v2\/categories?post=23336"},{"taxonomy":"post_tag","embeddable":true,"href":"https:\/\/jm-metropole.com.br\/site\/wp-json\/wp\/v2\/tags?post=23336"}],"curies":[{"name":"wp","href":"https:\/\/api.w.org\/{rel}","templated":true}]}}