{"id":23329,"date":"2025-03-03T14:24:23","date_gmt":"2025-03-03T17:24:23","guid":{"rendered":"https:\/\/jm-metropole.com.br\/site\/?p=23329"},"modified":"2025-03-03T15:11:29","modified_gmt":"2025-03-03T18:11:29","slug":"carnaval-de-itaqua-reune-15-mil-pessoas-em-tarde-de-sol-e-folia","status":"publish","type":"post","link":"https:\/\/jm-metropole.com.br\/site\/carnaval-de-itaqua-reune-15-mil-pessoas-em-tarde-de-sol-e-folia\/","title":{"rendered":"Carnaval de Itaqu\u00e1 re\u00fane 1,5 mil pessoas em tarde de sol e folia"},"content":{"rendered":"<p>Festa contou com apresenta\u00e7\u00f5es de bloquinhos e marchinhas<\/p>\n<p>O clima de folia tomou conta da pra\u00e7a Padre Jo\u00e3o \u00c1lvares, no Centro de Itaquaquecetuba, no s\u00e1bado (1\u00ba). Pelo menos 1,5 mil pessoas curtiram a programa\u00e7\u00e3o de Carnaval da cidade ao longo do dia, que contou com apresenta\u00e7\u00f5es de bloquinhos, marchinhas, brindes e sorvete.<\/p>\n<p>Os term\u00f4metros indicavam quase 30\u00b0C quando a matin\u00ea promovida pela Secretaria de Cultura entrou em cena com a premia\u00e7\u00e3o das marchinhas e blocos vencedores de concursos realizados pela pasta, um resgate da cultura carnavalesca na cidade. Com a distribui\u00e7\u00e3o de picol\u00e9s, a crian\u00e7ada aproveitou cada momento da folia.<\/p>\n<p>Ainda no calor da festa, a Secretaria de Sa\u00fade marcou presen\u00e7a com o Bloco da Preven\u00e7\u00e3o, fazendo a distribui\u00e7\u00e3o de materiais educativos e autotestes de HIV. Em pararelo, a Secretaria da Mulher, Direitos Humanos e Cidadania rodou a pra\u00e7a com adesivagem da campanha &#8220;N\u00e3o \u00e9 N\u00e3o&#8221; contra o ass\u00e9dio sexual.<\/p>\n<p>\u201cO Carnaval est\u00e1 de volta, um momento importante da nossa cultura. Festa, conscientiza\u00e7\u00e3o e seguran\u00e7a caminham juntas\u201d, finalizou o prefeito Eduardo Boigues.<\/p>\n<p>Fotos: Eduardo Borges<\/p>\n","protected":false},"excerpt":{"rendered":"<p>Festa contou com apresenta\u00e7\u00f5es de bloquinhos e marchinhas O clima de folia tomou conta da pra\u00e7a Padre Jo\u00e3o \u00c1lvares, no Centro de Itaquaquecetuba, no s\u00e1bado (1\u00ba). Pelo menos 1,5 mil pessoas curtiram a programa\u00e7\u00e3o de Carnaval da cidade ao longo do dia, que contou com apresenta\u00e7\u00f5es de bloquinhos, marchinhas, brindes e sorvete. Os term\u00f4metros indicavam [&hellip;]<\/p>\n","protected":false},"author":1,"featured_media":23332,"comment_status":"open","ping_status":"open","sticky":false,"template":"","format":"standard","meta":{"footnotes":""},"categories":[6],"tags":[],"class_list":{"0":"post-23329","1":"post","2":"type-post","3":"status-publish","4":"format-standard","5":"has-post-thumbnail","7":"category-itaqua"},"_links":{"self":[{"href":"https:\/\/jm-metropole.com.br\/site\/wp-json\/wp\/v2\/posts\/23329","targetHints":{"allow":["GET"]}}],"collection":[{"href":"https:\/\/jm-metropole.com.br\/site\/wp-json\/wp\/v2\/posts"}],"about":[{"href":"https:\/\/jm-metropole.com.br\/site\/wp-json\/wp\/v2\/types\/post"}],"author":[{"embeddable":true,"href":"https:\/\/jm-metropole.com.br\/site\/wp-json\/wp\/v2\/users\/1"}],"replies":[{"embeddable":true,"href":"https:\/\/jm-metropole.com.br\/site\/wp-json\/wp\/v2\/comments?post=23329"}],"version-history":[{"count":1,"href":"https:\/\/jm-metropole.com.br\/site\/wp-json\/wp\/v2\/posts\/23329\/revisions"}],"predecessor-version":[{"id":23331,"href":"https:\/\/jm-metropole.com.br\/site\/wp-json\/wp\/v2\/posts\/23329\/revisions\/23331"}],"wp:featuredmedia":[{"embeddable":true,"href":"https:\/\/jm-metropole.com.br\/site\/wp-json\/wp\/v2\/media\/23332"}],"wp:attachment":[{"href":"https:\/\/jm-metropole.com.br\/site\/wp-json\/wp\/v2\/media?parent=23329"}],"wp:term":[{"taxonomy":"category","embeddable":true,"href":"https:\/\/jm-metropole.com.br\/site\/wp-json\/wp\/v2\/categories?post=23329"},{"taxonomy":"post_tag","embeddable":true,"href":"https:\/\/jm-metropole.com.br\/site\/wp-json\/wp\/v2\/tags?post=23329"}],"curies":[{"name":"wp","href":"https:\/\/api.w.org\/{rel}","templated":true}]}}