{"id":23320,"date":"2025-03-03T14:04:36","date_gmt":"2025-03-03T17:04:36","guid":{"rendered":"https:\/\/jm-metropole.com.br\/site\/?p=23320"},"modified":"2025-03-03T14:04:36","modified_gmt":"2025-03-03T17:04:36","slug":"suzano-promove-campanha-de-arrecadacao-de-absorventes-em-marco","status":"publish","type":"post","link":"https:\/\/jm-metropole.com.br\/site\/suzano-promove-campanha-de-arrecadacao-de-absorventes-em-marco\/","title":{"rendered":"Suzano promove campanha de arrecada\u00e7\u00e3o de absorventes em mar\u00e7o"},"content":{"rendered":"<p>A\u00e7\u00e3o alusiva ao &#8216;M\u00eas da Mulher&#8217; visa combater a pobreza menstrual e auxiliar pessoas em situa\u00e7\u00e3o de vulnerabilidade<\/p>\n<p>Neste m\u00eas de mar\u00e7o, o Fundo Social de Solidariedade de Suzano d\u00e1 in\u00edcio \u00e0 campanha &#8220;Todas Por Elas&#8221;, que visa arrecadar absorventes para pessoas em situa\u00e7\u00e3o de vulnerabilidade social. A iniciativa ocorre ao longo de todo o per\u00edodo, em alus\u00e3o ao Dia Internacional da Mulher (08\/03), e busca garantir dignidade menstrual \u00e0quelas que enfrentam dificuldades no acesso a itens de higiene b\u00e1sicos.<\/p>\n<p>A primeira-dama de Suzano e presidente do Fundo Social de Solidariedade, D\u00e9borah Raffoul, refor\u00e7ou a import\u00e2ncia da campanha. &#8220;A pobreza menstrual \u00e9 uma realidade que impacta diretamente a sa\u00fade, a educa\u00e7\u00e3o e a qualidade de vida de muitas mulheres e meninas. Com essa a\u00e7\u00e3o, queremos mobilizar a sociedade para garantir que todas tenham acesso a esse item essencial, promovendo dignidade e igualdade\u201d. A campanha &#8220;Todas Por Elas&#8221; refor\u00e7a o compromisso da Prefeitura de Suzano em implementar iniciativas que beneficiem diretamente a popula\u00e7\u00e3o feminina, assegurando que a assist\u00eancia chegue a quem mais precisa.<\/p>\n<p>As doa\u00e7\u00f5es podem ser entregues na sede do Fundo Social de Solidariedade, localizada no Pa\u00e7o Municipal Prefeito Firmino Jos\u00e9 da Costa (rua Baruel, 501, sala 224 \u2013 Centro), de segunda a sexta-feira, das 9 \u00e0s 16 horas. Mais informa\u00e7\u00f5es podem ser obtidas pelo telefone (11) 4745-2188.<\/p>\n<p>&nbsp;<\/p>\n<p>Cr\u00e9dito das fotos: Wanderley Costa\/Secop Suzano<\/p>\n","protected":false},"excerpt":{"rendered":"<p>A\u00e7\u00e3o alusiva ao &#8216;M\u00eas da Mulher&#8217; visa combater a pobreza menstrual e auxiliar pessoas em situa\u00e7\u00e3o de vulnerabilidade Neste m\u00eas de mar\u00e7o, o Fundo Social de Solidariedade de Suzano d\u00e1 in\u00edcio \u00e0 campanha &#8220;Todas Por Elas&#8221;, que visa arrecadar absorventes para pessoas em situa\u00e7\u00e3o de vulnerabilidade social. A iniciativa ocorre ao longo de todo o [&hellip;]<\/p>\n","protected":false},"author":1,"featured_media":23321,"comment_status":"open","ping_status":"open","sticky":false,"template":"","format":"standard","meta":{"footnotes":""},"categories":[9],"tags":[],"class_list":{"0":"post-23320","1":"post","2":"type-post","3":"status-publish","4":"format-standard","5":"has-post-thumbnail","7":"category-suzano"},"_links":{"self":[{"href":"https:\/\/jm-metropole.com.br\/site\/wp-json\/wp\/v2\/posts\/23320","targetHints":{"allow":["GET"]}}],"collection":[{"href":"https:\/\/jm-metropole.com.br\/site\/wp-json\/wp\/v2\/posts"}],"about":[{"href":"https:\/\/jm-metropole.com.br\/site\/wp-json\/wp\/v2\/types\/post"}],"author":[{"embeddable":true,"href":"https:\/\/jm-metropole.com.br\/site\/wp-json\/wp\/v2\/users\/1"}],"replies":[{"embeddable":true,"href":"https:\/\/jm-metropole.com.br\/site\/wp-json\/wp\/v2\/comments?post=23320"}],"version-history":[{"count":1,"href":"https:\/\/jm-metropole.com.br\/site\/wp-json\/wp\/v2\/posts\/23320\/revisions"}],"predecessor-version":[{"id":23322,"href":"https:\/\/jm-metropole.com.br\/site\/wp-json\/wp\/v2\/posts\/23320\/revisions\/23322"}],"wp:featuredmedia":[{"embeddable":true,"href":"https:\/\/jm-metropole.com.br\/site\/wp-json\/wp\/v2\/media\/23321"}],"wp:attachment":[{"href":"https:\/\/jm-metropole.com.br\/site\/wp-json\/wp\/v2\/media?parent=23320"}],"wp:term":[{"taxonomy":"category","embeddable":true,"href":"https:\/\/jm-metropole.com.br\/site\/wp-json\/wp\/v2\/categories?post=23320"},{"taxonomy":"post_tag","embeddable":true,"href":"https:\/\/jm-metropole.com.br\/site\/wp-json\/wp\/v2\/tags?post=23320"}],"curies":[{"name":"wp","href":"https:\/\/api.w.org\/{rel}","templated":true}]}}