{"id":23311,"date":"2025-02-27T12:09:33","date_gmt":"2025-02-27T15:09:33","guid":{"rendered":"https:\/\/jm-metropole.com.br\/site\/?p=23311"},"modified":"2025-02-27T12:09:33","modified_gmt":"2025-02-27T15:09:33","slug":"guararema-tem-atracoes-para-todos-os-perfis-de-turistas-no-carnaval","status":"publish","type":"post","link":"https:\/\/jm-metropole.com.br\/site\/guararema-tem-atracoes-para-todos-os-perfis-de-turistas-no-carnaval\/","title":{"rendered":"Guararema tem atra\u00e7\u00f5es para todos os perfis de turistas no Carnaval"},"content":{"rendered":"<p>Al\u00e9m da folia com cortejo de blocos e matin\u00eas infantis, Prefeitura de Guararema refor\u00e7a pontos tur\u00edsticos, rede hoteleira e op\u00e7\u00f5es gastron\u00f4micas que atendem toda a fam\u00edlia<\/p>\n<p>Neste Carnaval, a Prefeitura de Guararema refor\u00e7a a voca\u00e7\u00e3o tur\u00edstica da cidade. Al\u00e9m de encontrar alegria e divers\u00e3o no cortejo de blocos e nas matin\u00eas infantis que acontecem entre s\u00e1bado (1\u00ba) e ter\u00e7a-feira (04\/03), os visitantes encontram tamb\u00e9m uma cidade bem-estruturada e repleta de atrativos para todos os gostos.<\/p>\n<p>Quem gosta de natureza vai se encantar em pontos como o Recanto do Am\u00e9rico (Pau D\u2019Alho), a Ilha Grande e o Parque Municipal da Pedra Montada. J\u00e1 quem prefere conhecer a hist\u00f3ria, ter\u00e1 um prato cheio em locais como as pra\u00e7as 9 de Julho e Coronel Bras\u00edlio Fonseca, o Museu Casa da Mem\u00f3ria Ant\u00f4nia Guilherme Franco (Dona Nini) e o Museu Ferrovi\u00e1rio Esta\u00e7\u00e3o Guararema.<\/p>\n<p>E quem quer relaxar e curtir com a fam\u00edlia pode aproveitar o Mirante Prefeito Gerb\u00e1sio Marcelino, o Parque de Lazer Professora Deocl\u00e9sia de Almeida Mello com o Centro Artesanal Dona Nen\u00ea e o Boulevard Major Paula Lopes, onde est\u00e1 o Mercado Municipal Juvenal Alves Pereira.<\/p>\n<p>Falando no Mercado Municipal, por l\u00e1 \u00e9 poss\u00edvel encontrar variedades de bolos, p\u00e3es, flores e outros itens. E n\u00e3o \u00e9 s\u00f3 isso: Guararema conta com rede hoteleira que atende a todos os perfis de turistas.<\/p>\n<p>H\u00e1 hot\u00e9is localizados em \u00e1reas urbanas e em \u00e1reas rurais, com diferentes tipos de alimenta\u00e7\u00e3o e atrativos. E h\u00e1 ainda muitas op\u00e7\u00f5es gastron\u00f4micas, como restaurantes, bares e lanchonetes que valem a pena ser visitados, seja para o caf\u00e9 da manh\u00e3, para o almo\u00e7o, o lanche da tarde ou o jantar. Todos os detalhes est\u00e3o dispon\u00edveis em https:\/\/guararema.sp.gov.br\/turismo.<\/p>\n<p>Neste site tamb\u00e9m \u00e9 poss\u00edvel encontrar as v\u00e1rias rotas tur\u00edsticas organizadas pela Prefeitura de Guararema, um tour 360\u00ba dos principais pontos tur\u00edsticos \u2013 que inclui igrejas e outros locais hist\u00f3ricos \u2013 e ainda a programa\u00e7\u00e3o de Carnaval.<\/p>\n<p>Aos visitantes que gostam de pular Carnaval, a folia \u00e9 garantida na \u00e1rea central, com cortejo de blocos entre s\u00e1bado (1\u00ba) e ter\u00e7a-feira (04\/03) com concentra\u00e7\u00e3o sempre \u00e0s 14 horas no Parque de Lazer Professora Deocl\u00e9sia de Almeida Mello. E para as crian\u00e7as h\u00e1 as matin\u00eas infantis, tamb\u00e9m di\u00e1rias, das 12 \u00e0s 17 horas, na Vila de Lu\u00eds Carlos.<\/p>\n","protected":false},"excerpt":{"rendered":"<p>Al\u00e9m da folia com cortejo de blocos e matin\u00eas infantis, Prefeitura de Guararema refor\u00e7a pontos tur\u00edsticos, rede hoteleira e op\u00e7\u00f5es gastron\u00f4micas que atendem toda a fam\u00edlia Neste Carnaval, a Prefeitura de Guararema refor\u00e7a a voca\u00e7\u00e3o tur\u00edstica da cidade. Al\u00e9m de encontrar alegria e divers\u00e3o no cortejo de blocos e nas matin\u00eas infantis que acontecem entre [&hellip;]<\/p>\n","protected":false},"author":1,"featured_media":23312,"comment_status":"open","ping_status":"open","sticky":false,"template":"","format":"standard","meta":{"footnotes":""},"categories":[8],"tags":[],"class_list":{"0":"post-23311","1":"post","2":"type-post","3":"status-publish","4":"format-standard","5":"has-post-thumbnail","7":"category-guararema"},"_links":{"self":[{"href":"https:\/\/jm-metropole.com.br\/site\/wp-json\/wp\/v2\/posts\/23311","targetHints":{"allow":["GET"]}}],"collection":[{"href":"https:\/\/jm-metropole.com.br\/site\/wp-json\/wp\/v2\/posts"}],"about":[{"href":"https:\/\/jm-metropole.com.br\/site\/wp-json\/wp\/v2\/types\/post"}],"author":[{"embeddable":true,"href":"https:\/\/jm-metropole.com.br\/site\/wp-json\/wp\/v2\/users\/1"}],"replies":[{"embeddable":true,"href":"https:\/\/jm-metropole.com.br\/site\/wp-json\/wp\/v2\/comments?post=23311"}],"version-history":[{"count":1,"href":"https:\/\/jm-metropole.com.br\/site\/wp-json\/wp\/v2\/posts\/23311\/revisions"}],"predecessor-version":[{"id":23313,"href":"https:\/\/jm-metropole.com.br\/site\/wp-json\/wp\/v2\/posts\/23311\/revisions\/23313"}],"wp:featuredmedia":[{"embeddable":true,"href":"https:\/\/jm-metropole.com.br\/site\/wp-json\/wp\/v2\/media\/23312"}],"wp:attachment":[{"href":"https:\/\/jm-metropole.com.br\/site\/wp-json\/wp\/v2\/media?parent=23311"}],"wp:term":[{"taxonomy":"category","embeddable":true,"href":"https:\/\/jm-metropole.com.br\/site\/wp-json\/wp\/v2\/categories?post=23311"},{"taxonomy":"post_tag","embeddable":true,"href":"https:\/\/jm-metropole.com.br\/site\/wp-json\/wp\/v2\/tags?post=23311"}],"curies":[{"name":"wp","href":"https:\/\/api.w.org\/{rel}","templated":true}]}}