{"id":23302,"date":"2025-02-26T08:56:51","date_gmt":"2025-02-26T11:56:51","guid":{"rendered":"https:\/\/jm-metropole.com.br\/site\/?p=23302"},"modified":"2025-02-26T08:56:51","modified_gmt":"2025-02-26T11:56:51","slug":"experiencia-um-dia-na-aviacao-3-0-abre-inscricoes-para-turma-de-marco","status":"publish","type":"post","link":"https:\/\/jm-metropole.com.br\/site\/experiencia-um-dia-na-aviacao-3-0-abre-inscricoes-para-turma-de-marco\/","title":{"rendered":"Experi\u00eancia Um Dia na Avia\u00e7\u00e3o 3.0 abre inscri\u00e7\u00f5es para turma de mar\u00e7o"},"content":{"rendered":"<p>Apaixonados pelo setor a\u00e9reo ter\u00e3o a oportunidade de conhecer diversas carreiras do setor durante o evento Um Dia na Avia\u00e7\u00e3o 3.0, que ser\u00e1 realizado em 8 de mar\u00e7o (s\u00e1bado), das 13h \u00e0s 19h, na Escola de Avia\u00e7\u00e3o Civil Companhia das Asas (avenida Jo\u00e3o Cavalari, 133, pr\u00e9dio F da Unisa campus Dutra), na Ponte Grande. A a\u00e7\u00e3o da institui\u00e7\u00e3o de ensino em parceria com a Subsecretaria da Juventude de Guarulhos \u00e9 voltada a todas as idades, em especial aos jovens que pretendem ingressar em uma profiss\u00e3o do setor. Interessados devem se inscrever pelo link https:\/\/bit.ly\/xp1diaviacao.<br \/>\nA programa\u00e7\u00e3o inclui simula\u00e7\u00f5es realistas de profiss\u00f5es como piloto, comiss\u00e1rio de voo, t\u00e9cnico de manuten\u00e7\u00e3o de aeronaves, operador de rampa, auxiliar de limpeza de aeronaves, operador de drone e agente de aeroporto. Haver\u00e1 tamb\u00e9m a exposi\u00e7\u00e3o Hist\u00f3ria da Avia\u00e7\u00e3o \u2013 Descubra a Evolu\u00e7\u00e3o da Avia\u00e7\u00e3o e sua Import\u00e2ncia para o Brasil e o Mundo.<br \/>\nOs participantes poder\u00e3o ainda participar de uma sess\u00e3o de cinema com o filme O Sequestro do Voo 375, de uma gincana interativa com pr\u00eamios e maquetes de avi\u00e3o e do lan\u00e7amento do primeiro curso t\u00e9cnico aeroportu\u00e1rio do pa\u00eds. Menores de idade dever\u00e3o estar acompanhados por um respons\u00e1vel.<br \/>\nA Subsecretaria da Juventude integra a Secretaria de Direitos Humanos de Guarulhos.<\/p>\n<p>Foto Arquivo: Bibi Fanti \/ PMG<\/p>\n","protected":false},"excerpt":{"rendered":"<p>Apaixonados pelo setor a\u00e9reo ter\u00e3o a oportunidade de conhecer diversas carreiras do setor durante o evento Um Dia na Avia\u00e7\u00e3o 3.0, que ser\u00e1 realizado em 8 de mar\u00e7o (s\u00e1bado), das 13h \u00e0s 19h, na Escola de Avia\u00e7\u00e3o Civil Companhia das Asas (avenida Jo\u00e3o Cavalari, 133, pr\u00e9dio F da Unisa campus Dutra), na Ponte Grande. A [&hellip;]<\/p>\n","protected":false},"author":1,"featured_media":23303,"comment_status":"open","ping_status":"open","sticky":false,"template":"","format":"standard","meta":{"footnotes":""},"categories":[3],"tags":[],"class_list":{"0":"post-23302","1":"post","2":"type-post","3":"status-publish","4":"format-standard","5":"has-post-thumbnail","7":"category-guarulhos"},"_links":{"self":[{"href":"https:\/\/jm-metropole.com.br\/site\/wp-json\/wp\/v2\/posts\/23302","targetHints":{"allow":["GET"]}}],"collection":[{"href":"https:\/\/jm-metropole.com.br\/site\/wp-json\/wp\/v2\/posts"}],"about":[{"href":"https:\/\/jm-metropole.com.br\/site\/wp-json\/wp\/v2\/types\/post"}],"author":[{"embeddable":true,"href":"https:\/\/jm-metropole.com.br\/site\/wp-json\/wp\/v2\/users\/1"}],"replies":[{"embeddable":true,"href":"https:\/\/jm-metropole.com.br\/site\/wp-json\/wp\/v2\/comments?post=23302"}],"version-history":[{"count":1,"href":"https:\/\/jm-metropole.com.br\/site\/wp-json\/wp\/v2\/posts\/23302\/revisions"}],"predecessor-version":[{"id":23304,"href":"https:\/\/jm-metropole.com.br\/site\/wp-json\/wp\/v2\/posts\/23302\/revisions\/23304"}],"wp:featuredmedia":[{"embeddable":true,"href":"https:\/\/jm-metropole.com.br\/site\/wp-json\/wp\/v2\/media\/23303"}],"wp:attachment":[{"href":"https:\/\/jm-metropole.com.br\/site\/wp-json\/wp\/v2\/media?parent=23302"}],"wp:term":[{"taxonomy":"category","embeddable":true,"href":"https:\/\/jm-metropole.com.br\/site\/wp-json\/wp\/v2\/categories?post=23302"},{"taxonomy":"post_tag","embeddable":true,"href":"https:\/\/jm-metropole.com.br\/site\/wp-json\/wp\/v2\/tags?post=23302"}],"curies":[{"name":"wp","href":"https:\/\/api.w.org\/{rel}","templated":true}]}}